{"id":4045,"date":"2026-04-28T09:23:29","date_gmt":"2026-04-28T09:23:29","guid":{"rendered":"https:\/\/connectbrussels.eu\/mobilite-internationale-pour-tous-les-jeunes-perspectives-des-travailleurs-de-jeunesse-24-04-2026\/"},"modified":"2026-04-28T09:32:47","modified_gmt":"2026-04-28T09:32:47","slug":"mobilite-internationale-pour-tous-les-jeunes-perspectives-des-travailleurs-de-jeunesse-24-04-2026","status":"publish","type":"post","link":"https:\/\/connectbrussels.eu\/fr\/mobilite-internationale-pour-tous-les-jeunes-perspectives-des-travailleurs-de-jeunesse-24-04-2026\/","title":{"rendered":"Mobilit\u00e9 internationale pour tous les jeunes : perspectives des travailleurs de jeunesse \u2013 24\/04\/2026"},"content":{"rendered":"<p><strong>\ud83c\udf0d Acc\u00e8s. Inclusion. R\u00e9alit\u00e9.  <\/strong><\/p>\n<p>Cette note d\u2019analyse rassemble les voix de 50 travailleurs de jeunesse \u00e0 travers l\u2019Europe (Belgique, France, Mac\u00e9doine du Nord et partenaires), qui ont partag\u00e9 leurs exp\u00e9riences \u00e0 travers des groupes de discussion.<\/p>\n<p>L\u2019objectif ?<br \/>\nMieux comprendre comment la mobilit\u00e9 internationale <strong>fonctionne en pratique pour les jeunes ayant moins d\u2019opportunit\u00e9s \u2014 et ce qui doit changer.<\/strong><\/p>\n<p><span style=\"color: #ffffff;\">.<\/span><\/p>\n<p>\ud83d\udd0e De quoi traite cette analyse ?<\/p>\n<p>Le rapport se concentre sur trois axes principaux :<\/p>\n<ul>\n<li>Comment les travailleurs de jeunesse comprennent et accompagnent les jeunes ayant moins d\u2019opportunit\u00e9s<\/li>\n<li>Quelles pratiques et quels programmes de mobilit\u00e9 sont actuellement utilizes<\/li>\n<li>Quels outils existent \u2014 et ce qui manque<\/li>\n<\/ul>\n<p>Il met en lumi\u00e8re des exp\u00e9riences concr\u00e8tes du terrain et les traduit en enseignements pratiques et recommandations.<\/p>\n<p><span style=\"color: #ffffff;\">.<\/span><\/p>\n<p>\ud83d\udea7 Quels sont les principaux d\u00e9fis ?<\/p>\n<p>Les travailleurs de jeunesse ont identifi\u00e9 de mani\u00e8re constante des obstacles qui emp\u00eachent les jeunes d\u2019acc\u00e9der aux opportunit\u00e9s de mobilit\u00e9 :<\/p>\n<ul>\n<li>Des proc\u00e9dures administratives complexes<\/li>\n<li>Des difficult\u00e9s financi\u00e8res et des co\u00fbts initiaux \u00e9lev\u00e9s<\/li>\n<li>La peur, l\u2019anxi\u00e9t\u00e9 et un manque de confiance en soi<\/li>\n<li>Des r\u00e9sistances culturelles et familiales<\/li>\n<li>Un acc\u00e8s limit\u00e9 dans les zones rurales ou isol\u00e9es<\/li>\n<\/ul>\n<p>Pour de nombreux jeunes, la mobilit\u00e9 est encore per\u00e7ue comme quelque chose \u00ab qui n\u2019est pas pour eux \u00bb.<\/p>\n<p><span style=\"color: #ffffff;\">.<\/span><\/p>\n<p>\ud83e\udd1d Que font concr\u00e8tement les travailleurs de jeunesse ?<\/p>\n<p>L\u2019analyse montre clairement que les travailleurs de jeunesse ne sont pas seulement des facilitateurs \u2014 ils constituent de v\u00e9ritables syst\u00e8mes de soutien.<\/p>\n<p>Leur r\u00f4le comprend :<\/p>\n<ul>\n<li>Cr\u00e9er un climat de confiance et des espaces s\u00e9curis\u00e9s<\/li>\n<li>Fournir un accompagnement personnalis\u00e9 et \u00e0 long terme<\/li>\n<li>Soutenir avant, pendant et apr\u00e8s la mobilit\u00e9<\/li>\n<li>Travailler en \u00e9troite collaboration avec les familles et les communaut\u00e9s<\/li>\n<\/ul>\n<p>Dans de nombreux cas, ce soutien est ce qui rend la participation possible.<\/p>\n<p><span style=\"color: #ffffff;\">.<\/span><\/p>\n<p>\ud83d\ude80 Quelles pratiques fonctionnent ?<\/p>\n<p>\u00c0 travers l\u2019Europe, les organisations d\u00e9veloppent des approches cr\u00e9atives et inclusives :<\/p>\n<ul>\n<li>Des parcours de mobilit\u00e9 progressifs (local \u2192 national \u2192 international)<\/li>\n<li>Du mentorat entre pairs via d\u2019anciens participants<\/li>\n<li>Des partenariats solides entre organisations et pays d\u2019accueil<\/li>\n<li>L\u2019utilisation d\u2019outils num\u00e9riques pour pr\u00e9parer les jeunes<\/li>\n<\/ul>\n<p>Ces m\u00e9thodes contribuent \u00e0 r\u00e9duire les peurs et \u00e0 rendre la mobilit\u00e9 plus accessible.<\/p>\n<p><span style=\"color: #ffffff;\">.<\/span><\/p>\n<p>\ud83d\udcf1 Qu\u2019est-ce qui doit \u00eatre am\u00e9lior\u00e9 ?<\/p>\n<p>Un constat cl\u00e9 de l\u2019analyse :<br \/>\n<strong>le probl\u00e8me ne r\u00e9side pas dans le manque d\u2019outils \u2014 mais dans leur conception.<\/strong><\/p>\n<p>Les travailleurs de jeunesse soulignent le besoin de :<\/p>\n<ul>\n<li>Une communication simple, visuelle et multilingue<\/li>\n<li>Des outils interactifs pens\u00e9s d\u2019abord pour le mobile<\/li>\n<li>Des formats qui refl\u00e8tent la culture des jeunes (vid\u00e9os, storytelling, gamification)<\/li>\n<li>Des approches de sensibilisation qui apportent l\u2019information directement aux jeunes<\/li>\n<\/ul>\n<p><span style=\"color: #ffffff;\">.<\/span><\/p>\n<p>\ud83d\udca1 Pourquoi c\u2019est important\ud83d\udca1 <strong>Why this matters<\/strong><\/p>\n<p>La mobilit\u00e9 internationale peut \u00eatre une exp\u00e9rience qui change la vie \u2014 mais seulement si elle est r\u00e9ellement accessible.<\/p>\n<p>Cette analyse nous aide \u00e0 comprendre ce qui fonctionne, ce qui ne fonctionne pas, et comment am\u00e9liorer le soutien aux jeunes qui en ont le plus besoin.<\/p>\n<p><span style=\"color: #ffffff;\">.<\/span><\/p>\n<p>\ud83d\udcac Parce que l\u2019inclusion signifie plus que proposer des opportunit\u00e9s \u2014<br \/>\nelle signifie s\u2019assurer que chacun se sent l\u00e9gitime d\u2019y participer.<\/p>\n<p><span style=\"color: #ffffff;\">.<\/span><\/p>\n<p><strong>\ud83d\udce5 T\u00e9l\u00e9chargez la note d\u2019analyse ici\ud83d\udd17 <a href=\"https:\/\/connectbrussels.eu\/wp-content\/uploads\/2026\/04\/ENG-VF-Analysis-Note-%E2%80%93-Focus-Groups-on-International-Mobility-for-Young-People-with-Few-Opportunities.pdf\" target=\"_blank\" rel=\"noopener\"><span style=\"text-decoration: underline;\">https:\/\/connectbrussels.eu\/wp-content\/uploads\/2026\/04\/ENG-VF-Analysis-Note-\u2013-Focus-Groups-on-International-Mobility-for-Young-People-with-Few-Opportunities.pdf<\/span><\/a><\/strong><\/p>\n<p><span style=\"color: #ffffff;\">.<\/span><\/p>\n<p>#YouthEmpowerment #Inclusion #InternationalMobility #YouthWork #ErasmusPlus #Community #ConnectBrussels<\/p>\n","protected":false},"excerpt":{"rendered":"<p>\ud83c\udf0d Acc\u00e8s. Inclusion. R\u00e9alit\u00e9. Cette note d\u2019analyse rassemble les voix de 50 travailleurs de jeunesse \u00e0 travers l\u2019Europe (Belgique, France, Mac\u00e9doine du Nord et partenaires), qui ont partag\u00e9 leurs exp\u00e9riences \u00e0 travers des groupes de discussion. L\u2019objectif ? Mieux comprendre comment la mobilit\u00e9 internationale fonctionne en pratique pour les jeunes ayant moins d\u2019opportunit\u00e9s \u2014 et [&hellip;]<\/p>\n","protected":false},"author":2,"featured_media":4043,"comment_status":"open","ping_status":"open","sticky":false,"template":"","format":"standard","meta":{"_acf_changed":false,"footnotes":""},"categories":[13],"tags":[],"class_list":["post-4045","post","type-post","status-publish","format-standard","has-post-thumbnail","hentry","category-non-classifiee"],"blocksy_meta":[],"acf":[],"_links":{"self":[{"href":"https:\/\/connectbrussels.eu\/fr\/wp-json\/wp\/v2\/posts\/4045","targetHints":{"allow":["GET"]}}],"collection":[{"href":"https:\/\/connectbrussels.eu\/fr\/wp-json\/wp\/v2\/posts"}],"about":[{"href":"https:\/\/connectbrussels.eu\/fr\/wp-json\/wp\/v2\/types\/post"}],"author":[{"embeddable":true,"href":"https:\/\/connectbrussels.eu\/fr\/wp-json\/wp\/v2\/users\/2"}],"replies":[{"embeddable":true,"href":"https:\/\/connectbrussels.eu\/fr\/wp-json\/wp\/v2\/comments?post=4045"}],"version-history":[{"count":1,"href":"https:\/\/connectbrussels.eu\/fr\/wp-json\/wp\/v2\/posts\/4045\/revisions"}],"predecessor-version":[{"id":4047,"href":"https:\/\/connectbrussels.eu\/fr\/wp-json\/wp\/v2\/posts\/4045\/revisions\/4047"}],"wp:featuredmedia":[{"embeddable":true,"href":"https:\/\/connectbrussels.eu\/fr\/wp-json\/wp\/v2\/media\/4043"}],"wp:attachment":[{"href":"https:\/\/connectbrussels.eu\/fr\/wp-json\/wp\/v2\/media?parent=4045"}],"wp:term":[{"taxonomy":"category","embeddable":true,"href":"https:\/\/connectbrussels.eu\/fr\/wp-json\/wp\/v2\/categories?post=4045"},{"taxonomy":"post_tag","embeddable":true,"href":"https:\/\/connectbrussels.eu\/fr\/wp-json\/wp\/v2\/tags?post=4045"}],"curies":[{"name":"wp","href":"https:\/\/api.w.org\/{rel}","templated":true}]}}