{"id":3920,"date":"2025-11-07T08:53:33","date_gmt":"2025-11-07T08:53:33","guid":{"rendered":"https:\/\/connectbrussels.eu\/les-jeunes-leaders-de-connect-brussels-ont-vecu-une-experience-enrichissante-lors-de-la-formation-sbim-7-11-2025\/"},"modified":"2025-11-07T08:53:33","modified_gmt":"2025-11-07T08:53:33","slug":"les-jeunes-leaders-de-connect-brussels-ont-vecu-une-experience-enrichissante-lors-de-la-formation-sbim-7-11-2025","status":"publish","type":"post","link":"https:\/\/connectbrussels.eu\/fr\/les-jeunes-leaders-de-connect-brussels-ont-vecu-une-experience-enrichissante-lors-de-la-formation-sbim-7-11-2025\/","title":{"rendered":"Les jeunes leaders de Connect Brussels ont v\u00e9cu une exp\u00e9rience enrichissante lors de la formation SBIM &#8211; 7\/11\/2025"},"content":{"rendered":"<h2 style=\"text-align: center;\"><strong>Les jeunes leaders de Connect Brussels ont v\u00e9cu une exp\u00e9rience enrichissante lors de la formation SBIM &#8211; 7\/11\/2025<\/strong><\/h2>\n<p><span style=\"color: #ffffff;\">.<\/span><\/p>\n<p>\ud83c\udf0d\ud83d\udca1 Les jeunes leaders de Connect Brussels ont v\u00e9cu une exp\u00e9rience enrichissante lors du cours de formation SBIM \u00e0 Berovo, dans le cadre du projet financ\u00e9 par Erasmus+ Skip Barriers of International Mobility (SBIM).<\/p>\n<p>Pendant quatre jours dynamiques, ils se sont plong\u00e9s dans les comp\u00e9tences et les strat\u00e9gies essentielles pour susciter un changement positif dans leurs communaut\u00e9s. \ud83d\ude80<\/p>\n<p>La formation a couvert un large \u00e9ventail de sujets importants, notamment<\/p>\n<p>\ud83d\udd39 \u00c9coute active et communication : Am\u00e9liorer les comp\u00e9tences interpersonnelles pour favoriser la compr\u00e9hension et la connexion.<\/p>\n<p>\ud83d\udd39 Explorer les r\u00e9alit\u00e9s locales : Comprendre les d\u00e9fis et les opportunit\u00e9s uniques des diff\u00e9rentes communaut\u00e9s.<\/p>\n<p>\ud83d\udd39 Positions et besoins de vie : Approfondissement de la croissance personnelle et de la mani\u00e8re de r\u00e9pondre aux besoins individuels et collectifs.<\/p>\n<p>\ud83d\udd39 Planification de la sensibilisation : \u00c9laborer des strat\u00e9gies efficaces pour atteindre et impliquer divers groupes de jeunes.<\/p>\n<p>\ud83d\udd39 Bo\u00eete \u00e0 outils pratique : Des ressources pratiques pour mettre en \u0153uvre les strat\u00e9gies apprises.<\/p>\n<p>Du travail d&rsquo;\u00e9quipe collaboratif aux discussions approfondies, notre \u00e9quipe est d\u00e9sormais mieux \u00e9quip\u00e9e pour cr\u00e9er un impact local significatif. \u2728<\/p>\n<p><span style=\"color: #ffffff;\">.<\/span><\/p>\n","protected":false},"excerpt":{"rendered":"<p>Les jeunes leaders de Connect Brussels ont v\u00e9cu une exp\u00e9rience enrichissante lors de la formation SBIM &#8211; 7\/11\/2025 . \ud83c\udf0d\ud83d\udca1 Les jeunes leaders de Connect Brussels ont v\u00e9cu une exp\u00e9rience enrichissante lors du cours de formation SBIM \u00e0 Berovo, dans le cadre du projet financ\u00e9 par Erasmus+ Skip Barriers of International Mobility (SBIM). Pendant quatre [&hellip;]<\/p>\n","protected":false},"author":2,"featured_media":3916,"comment_status":"open","ping_status":"open","sticky":false,"template":"","format":"standard","meta":{"_acf_changed":false,"footnotes":""},"categories":[34],"tags":[],"class_list":["post-3920","post","type-post","status-publish","format-standard","has-post-thumbnail","hentry","category-projets-internationaux"],"blocksy_meta":[],"acf":[],"_links":{"self":[{"href":"https:\/\/connectbrussels.eu\/fr\/wp-json\/wp\/v2\/posts\/3920","targetHints":{"allow":["GET"]}}],"collection":[{"href":"https:\/\/connectbrussels.eu\/fr\/wp-json\/wp\/v2\/posts"}],"about":[{"href":"https:\/\/connectbrussels.eu\/fr\/wp-json\/wp\/v2\/types\/post"}],"author":[{"embeddable":true,"href":"https:\/\/connectbrussels.eu\/fr\/wp-json\/wp\/v2\/users\/2"}],"replies":[{"embeddable":true,"href":"https:\/\/connectbrussels.eu\/fr\/wp-json\/wp\/v2\/comments?post=3920"}],"version-history":[{"count":0,"href":"https:\/\/connectbrussels.eu\/fr\/wp-json\/wp\/v2\/posts\/3920\/revisions"}],"wp:featuredmedia":[{"embeddable":true,"href":"https:\/\/connectbrussels.eu\/fr\/wp-json\/wp\/v2\/media\/3916"}],"wp:attachment":[{"href":"https:\/\/connectbrussels.eu\/fr\/wp-json\/wp\/v2\/media?parent=3920"}],"wp:term":[{"taxonomy":"category","embeddable":true,"href":"https:\/\/connectbrussels.eu\/fr\/wp-json\/wp\/v2\/categories?post=3920"},{"taxonomy":"post_tag","embeddable":true,"href":"https:\/\/connectbrussels.eu\/fr\/wp-json\/wp\/v2\/tags?post=3920"}],"curies":[{"name":"wp","href":"https:\/\/api.w.org\/{rel}","templated":true}]}}