{"id":3913,"date":"2025-11-18T08:50:35","date_gmt":"2025-11-18T08:50:35","guid":{"rendered":"https:\/\/connectbrussels.eu\/conference-finale-de-stemazing-women-a-luclm-18-11-2025\/"},"modified":"2025-11-18T08:50:35","modified_gmt":"2025-11-18T08:50:35","slug":"conference-finale-de-stemazing-women-a-luclm-18-11-2025","status":"publish","type":"post","link":"https:\/\/connectbrussels.eu\/fr\/conference-finale-de-stemazing-women-a-luclm-18-11-2025\/","title":{"rendered":"Conf\u00e9rence finale de STEMazing Women \u00e0 l&rsquo;UCLM ! &#8211; 18\/11\/2025"},"content":{"rendered":"<h2 style=\"text-align: center;\"><strong>Conf\u00e9rence finale de STEMazing Women \u00e0 l&rsquo;UCLM ! &#8211; 18\/11\/2025<\/strong><\/h2>\n<p><span style=\"color: #ffffff;\">.<\/span><\/p>\n<p style=\"text-align: left;\">L&rsquo;universit\u00e9 de Castilla-La Mancha a r\u00e9cemment accueilli la conf\u00e9rence finale du projet STEMazing Women, r\u00e9unissant les participants, les partenaires et les jeunes femmes des zones rurales pour c\u00e9l\u00e9brer les r\u00e9sultats et l&rsquo;impact du projet.<\/p>\n<p style=\"text-align: left;\">\n<p style=\"text-align: left;\">Tout au long de l&rsquo;\u00e9v\u00e9nement, nous avons soulign\u00e9 la mani\u00e8re dont l&rsquo;initiative a aid\u00e9 les jeunes femmes \u00e0 d\u00e9velopper des comp\u00e9tences essentielles en mati\u00e8re de STIM, \u00e0 renforcer leur confiance en elles et \u00e0 explorer de nouvelles possibilit\u00e9s dans le domaine de l&rsquo;\u00e9ducation et de l&#8217;emploi.<\/p>\n<p style=\"text-align: left;\">Les discussions ont port\u00e9 sur les points suivants<\/p>\n<p style=\"text-align: left;\">\ud83d\udd39 La contribution globale du projet \u00e0 l&rsquo;enseignement des STIM et \u00e0 l&#8217;employabilit\u00e9<\/p>\n<p style=\"text-align: left;\">\ud83d\udd39 La valeur du mentorat et de la formation accessible<\/p>\n<p style=\"text-align: left;\">\ud83d\udd39 Mesures pratiques pour continuer \u00e0 promouvoir la diversit\u00e9 des genres dans les STIM<\/p>\n<p style=\"text-align: left;\">Nous remercions chaleureusement Dramblys et l&rsquo;UCLM d&rsquo;avoir accueilli la conf\u00e9rence, ainsi que tous nos partenaires &#8211; WalkTogether, Novel Group, Social Innov et Citizens In Power &#8211; pour leur collaboration constante.<\/p>\n<p style=\"text-align: left;\">Le projet STEMazing Women est financ\u00e9 dans le cadre du programme Erasmus+, soutenant notre mission commune de cr\u00e9er un paysage STEM plus inclusif et diversifi\u00e9 pour les jeunes femmes \u00e0 travers l&rsquo;Europe. \ud83d\udca1\ud83d\udcaa<\/p>\n<p><span style=\"color: #ffffff;\">.<\/span><\/p>\n","protected":false},"excerpt":{"rendered":"<p>Conf\u00e9rence finale de STEMazing Women \u00e0 l&rsquo;UCLM ! &#8211; 18\/11\/2025 . L&rsquo;universit\u00e9 de Castilla-La Mancha a r\u00e9cemment accueilli la conf\u00e9rence finale du projet STEMazing Women, r\u00e9unissant les participants, les partenaires et les jeunes femmes des zones rurales pour c\u00e9l\u00e9brer les r\u00e9sultats et l&rsquo;impact du projet. Tout au long de l&rsquo;\u00e9v\u00e9nement, nous avons soulign\u00e9 la mani\u00e8re [&hellip;]<\/p>\n","protected":false},"author":2,"featured_media":3909,"comment_status":"open","ping_status":"open","sticky":false,"template":"","format":"standard","meta":{"_acf_changed":false,"footnotes":""},"categories":[34],"tags":[],"class_list":["post-3913","post","type-post","status-publish","format-standard","has-post-thumbnail","hentry","category-projets-internationaux"],"blocksy_meta":[],"acf":[],"_links":{"self":[{"href":"https:\/\/connectbrussels.eu\/fr\/wp-json\/wp\/v2\/posts\/3913","targetHints":{"allow":["GET"]}}],"collection":[{"href":"https:\/\/connectbrussels.eu\/fr\/wp-json\/wp\/v2\/posts"}],"about":[{"href":"https:\/\/connectbrussels.eu\/fr\/wp-json\/wp\/v2\/types\/post"}],"author":[{"embeddable":true,"href":"https:\/\/connectbrussels.eu\/fr\/wp-json\/wp\/v2\/users\/2"}],"replies":[{"embeddable":true,"href":"https:\/\/connectbrussels.eu\/fr\/wp-json\/wp\/v2\/comments?post=3913"}],"version-history":[{"count":0,"href":"https:\/\/connectbrussels.eu\/fr\/wp-json\/wp\/v2\/posts\/3913\/revisions"}],"wp:featuredmedia":[{"embeddable":true,"href":"https:\/\/connectbrussels.eu\/fr\/wp-json\/wp\/v2\/media\/3909"}],"wp:attachment":[{"href":"https:\/\/connectbrussels.eu\/fr\/wp-json\/wp\/v2\/media?parent=3913"}],"wp:term":[{"taxonomy":"category","embeddable":true,"href":"https:\/\/connectbrussels.eu\/fr\/wp-json\/wp\/v2\/categories?post=3913"},{"taxonomy":"post_tag","embeddable":true,"href":"https:\/\/connectbrussels.eu\/fr\/wp-json\/wp\/v2\/tags?post=3913"}],"curies":[{"name":"wp","href":"https:\/\/api.w.org\/{rel}","templated":true}]}}