{"id":3899,"date":"2026-01-21T08:24:14","date_gmt":"2026-01-21T08:24:14","guid":{"rendered":"https:\/\/connectbrussels.eu\/vous-voulez-participer-a-nos-matchs-de-football-21-01-2026\/"},"modified":"2026-01-21T08:24:14","modified_gmt":"2026-01-21T08:24:14","slug":"vous-voulez-participer-a-nos-matchs-de-football-21-01-2026","status":"publish","type":"post","link":"https:\/\/connectbrussels.eu\/fr\/vous-voulez-participer-a-nos-matchs-de-football-21-01-2026\/","title":{"rendered":"Vous voulez participer \u00e0 nos matchs de football ? &#8211; 21\/01\/2026"},"content":{"rendered":"<h2 style=\"text-align: center;\">Vous voulez participer \u00e0 nos matchs de football ? &#8211; 21\/01\/2026 <\/h2>\n<p><span style=\"color: #ffffff;\">.<\/span><\/p>\n<p>\u26bd Esprit d&rsquo;\u00e9quipe. Unit\u00e9. Engagement.  <\/p>\n<p>Se rassembler sur le terrain, c&rsquo;est plus que jouer, c&rsquo;est renforcer nos liens en tant qu&rsquo;\u00e9quipe. Le sport nous rappelle que le succ\u00e8s repose sur la confiance, la communication et l&rsquo;effort collectif. <\/p>\n<p>Au-del\u00e0 du jeu, des moments comme ceux-ci nous aident \u00e0 devenir plus forts &#8211; ensemble. \ud83d\udcaa<\/p>\n<p>Fier de cette \u00e9quipe et de l&rsquo;\u00e9nergie positive que nous apportons sur et en dehors du terrain. \ud83d\ude80<\/p>\n<p><span style=\"color: #ffffff;\">.<\/span><\/p>\n<p>#Travail d&rsquo;\u00e9quipe #Unit\u00e9 #Communaut\u00e9 #Leadership #ConnectBrussels<\/p>\n","protected":false},"excerpt":{"rendered":"<p>Vous voulez participer \u00e0 nos matchs de football ? &#8211; 21\/01\/2026 . \u26bd Esprit d&rsquo;\u00e9quipe. Unit\u00e9. Engagement. Se rassembler sur le terrain, c&rsquo;est plus que jouer, c&rsquo;est renforcer nos liens en tant qu&rsquo;\u00e9quipe. Le sport nous rappelle que le succ\u00e8s repose sur la confiance, la communication et l&rsquo;effort collectif. Au-del\u00e0 du jeu, des moments comme [&hellip;]<\/p>\n","protected":false},"author":2,"featured_media":3895,"comment_status":"open","ping_status":"open","sticky":false,"template":"","format":"standard","meta":{"_acf_changed":false,"footnotes":""},"categories":[33],"tags":[],"class_list":["post-3899","post","type-post","status-publish","format-standard","has-post-thumbnail","hentry","category-autonomisation-des-jeunes"],"blocksy_meta":[],"acf":[],"_links":{"self":[{"href":"https:\/\/connectbrussels.eu\/fr\/wp-json\/wp\/v2\/posts\/3899","targetHints":{"allow":["GET"]}}],"collection":[{"href":"https:\/\/connectbrussels.eu\/fr\/wp-json\/wp\/v2\/posts"}],"about":[{"href":"https:\/\/connectbrussels.eu\/fr\/wp-json\/wp\/v2\/types\/post"}],"author":[{"embeddable":true,"href":"https:\/\/connectbrussels.eu\/fr\/wp-json\/wp\/v2\/users\/2"}],"replies":[{"embeddable":true,"href":"https:\/\/connectbrussels.eu\/fr\/wp-json\/wp\/v2\/comments?post=3899"}],"version-history":[{"count":0,"href":"https:\/\/connectbrussels.eu\/fr\/wp-json\/wp\/v2\/posts\/3899\/revisions"}],"wp:featuredmedia":[{"embeddable":true,"href":"https:\/\/connectbrussels.eu\/fr\/wp-json\/wp\/v2\/media\/3895"}],"wp:attachment":[{"href":"https:\/\/connectbrussels.eu\/fr\/wp-json\/wp\/v2\/media?parent=3899"}],"wp:term":[{"taxonomy":"category","embeddable":true,"href":"https:\/\/connectbrussels.eu\/fr\/wp-json\/wp\/v2\/categories?post=3899"},{"taxonomy":"post_tag","embeddable":true,"href":"https:\/\/connectbrussels.eu\/fr\/wp-json\/wp\/v2\/tags?post=3899"}],"curies":[{"name":"wp","href":"https:\/\/api.w.org\/{rel}","templated":true}]}}