{"id":3887,"date":"2025-11-13T09:03:06","date_gmt":"2025-11-13T09:03:06","guid":{"rendered":"https:\/\/connectbrussels.eu\/reunion-internationale-a-connect-bruxelles-13-11-2025\/"},"modified":"2025-11-13T09:03:06","modified_gmt":"2025-11-13T09:03:06","slug":"reunion-internationale-a-connect-bruxelles-13-11-2025","status":"publish","type":"post","link":"https:\/\/connectbrussels.eu\/fr\/reunion-internationale-a-connect-bruxelles-13-11-2025\/","title":{"rendered":"R\u00e9union internationale \u00e0 Connect Bruxelles &#8211; 13\/11\/2025"},"content":{"rendered":"<h2 style=\"text-align: center;\"><strong>R\u00e9union internationale \u00e0 Connect Bruxelles &#8211; 13\/11\/2025<\/strong><\/h2>\n<p><span style=\"color: #ffffff;\">.<\/span><\/p>\n<p><img fetchpriority=\"high\" decoding=\"async\" width=\"861\" height=\"852\" class=\"wp-image-3882 aligncenter\" src=\"https:\/\/connectbrussels.eu\/wp-content\/uploads\/2026\/02\/word-image-3881-1.png\" srcset=\"https:\/\/connectbrussels.eu\/wp-content\/uploads\/2026\/02\/word-image-3881-1.png 861w, https:\/\/connectbrussels.eu\/wp-content\/uploads\/2026\/02\/word-image-3881-1-300x297.png 300w, https:\/\/connectbrussels.eu\/wp-content\/uploads\/2026\/02\/word-image-3881-1-768x760.png 768w\" sizes=\"(max-width: 861px) 100vw, 861px\" \/><\/p>\n<p><span style=\"color: #ffffff;\">.<\/span><\/p>\n<p>nous avons eu l&rsquo;insigne privil\u00e8ge d&rsquo;accueillir une \u00e9minente d\u00e9l\u00e9gation de Hong Kong pour un dialogue enrichissant sur l&rsquo;autonomisation des jeunes, la sant\u00e9 mentale, la r\u00e9silience et les objectifs de d\u00e9veloppement durable. La d\u00e9l\u00e9gation, compos\u00e9e d&rsquo;\u00e9minents dirigeants de : <\/p>\n<p>\ud83d\udca0M. Raymond Chiu, Directeur g\u00e9n\u00e9ral, Baptist Oi Kwan Social Service <\/p>\n<p>Josephine Jim, directrice ex\u00e9cutive, Playright Children&rsquo;s Play Association <\/p>\n<p>Mme Irene Kwan, cadre sup\u00e9rieur (communication d&rsquo;entreprise et gestion de la qualit\u00e9), The Society of Rehabilitation and Crime Prevention, Hong Kong <\/p>\n<p>\ud83d\udca0Mme Eureka Tuet, responsable du d\u00e9veloppement de l&rsquo;entreprise, Conseil du service social de Hong Kong <\/p>\n<p>\ud83d\udca0M. Isaac Yeung, directeur principal du d\u00e9veloppement des entreprises, Chinese YMCA of Hong Kong <\/p>\n<p>Mme Ruby Yeung, pr\u00e9sidente de HKALPS Limited <\/p>\n<p>ont engag\u00e9 des discussions perspicaces sur les d\u00e9fis auxquels les jeunes sont confront\u00e9s, notamment en mati\u00e8re de sant\u00e9 mentale et de r\u00e9silience, dans un contexte de changements sociaux et technologiques rapides dans les pays et les villes d\u00e9velopp\u00e9s.<\/p>\n<p>La conversation s&rsquo;est concentr\u00e9e sur le besoin urgent d&rsquo;aborder la question de la sant\u00e9 mentale des jeunes, un d\u00e9fi partag\u00e9 \u00e0 l&rsquo;\u00e9chelle mondiale. Nous avons \u00e9chang\u00e9 des id\u00e9es sur la mani\u00e8re de soutenir efficacement la r\u00e9silience des jeunes, de promouvoir l&rsquo;inclusion et de leur donner les moyens de faire face \u00e0 ces complexit\u00e9s. Ce dialogue a renforc\u00e9 l&rsquo;importance de la collaboration internationale et des partenariats multipartites dans la cr\u00e9ation de solutions significatives et durables.  <\/p>\n<p>Nous avons \u00e9galement explor\u00e9 la mani\u00e8re dont les ODD peuvent \u00eatre r\u00e9alis\u00e9s au niveau local, en traduisant les grands objectifs mondiaux en interventions de service pratiques et r\u00e9alisables. Ce fut un rappel puissant de la responsabilit\u00e9 collective que nous partageons pour faire du travail de jeunesse un catalyseur du d\u00e9veloppement durable, en utilisant les connaissances et les ressources locales pour adapter les objectifs internationaux. <\/p>\n<p>Nous remercions sinc\u00e8rement la d\u00e9l\u00e9gation d&rsquo;avoir partag\u00e9 avec nous de magnifiques souvenirs de Hong Kong, qui refl\u00e8tent leur culture unique et leur engagement en faveur du changement social. Cette visite nous a permis d&rsquo;approfondir notre compr\u00e9hension des d\u00e9fis auxquels sont confront\u00e9s les jeunes \u00e0 Hong Kong et de renforcer le potentiel d&rsquo;\u00e9change transfrontalier de connaissances. <\/p>\n<p>Nous nous r\u00e9jouissons de poursuivre cette collaboration vitale et de travailler ensemble pour construire un avenir meilleur et plus inclusif pour tous.<\/p>\n<p><span style=\"color: #ffffff;\">.<\/span><\/p>\n","protected":false},"excerpt":{"rendered":"<p>R\u00e9union internationale \u00e0 Connect Bruxelles &#8211; 13\/11\/2025 . . nous avons eu l&rsquo;insigne privil\u00e8ge d&rsquo;accueillir une \u00e9minente d\u00e9l\u00e9gation de Hong Kong pour un dialogue enrichissant sur l&rsquo;autonomisation des jeunes, la sant\u00e9 mentale, la r\u00e9silience et les objectifs de d\u00e9veloppement durable. La d\u00e9l\u00e9gation, compos\u00e9e d&rsquo;\u00e9minents dirigeants de : \ud83d\udca0M. Raymond Chiu, Directeur g\u00e9n\u00e9ral, Baptist Oi Kwan [&hellip;]<\/p>\n","protected":false},"author":2,"featured_media":3883,"comment_status":"open","ping_status":"open","sticky":false,"template":"","format":"standard","meta":{"_acf_changed":false,"footnotes":""},"categories":[13],"tags":[],"class_list":["post-3887","post","type-post","status-publish","format-standard","has-post-thumbnail","hentry","category-non-classifiee"],"blocksy_meta":[],"acf":[],"_links":{"self":[{"href":"https:\/\/connectbrussels.eu\/fr\/wp-json\/wp\/v2\/posts\/3887","targetHints":{"allow":["GET"]}}],"collection":[{"href":"https:\/\/connectbrussels.eu\/fr\/wp-json\/wp\/v2\/posts"}],"about":[{"href":"https:\/\/connectbrussels.eu\/fr\/wp-json\/wp\/v2\/types\/post"}],"author":[{"embeddable":true,"href":"https:\/\/connectbrussels.eu\/fr\/wp-json\/wp\/v2\/users\/2"}],"replies":[{"embeddable":true,"href":"https:\/\/connectbrussels.eu\/fr\/wp-json\/wp\/v2\/comments?post=3887"}],"version-history":[{"count":0,"href":"https:\/\/connectbrussels.eu\/fr\/wp-json\/wp\/v2\/posts\/3887\/revisions"}],"wp:featuredmedia":[{"embeddable":true,"href":"https:\/\/connectbrussels.eu\/fr\/wp-json\/wp\/v2\/media\/3883"}],"wp:attachment":[{"href":"https:\/\/connectbrussels.eu\/fr\/wp-json\/wp\/v2\/media?parent=3887"}],"wp:term":[{"taxonomy":"category","embeddable":true,"href":"https:\/\/connectbrussels.eu\/fr\/wp-json\/wp\/v2\/categories?post=3887"},{"taxonomy":"post_tag","embeddable":true,"href":"https:\/\/connectbrussels.eu\/fr\/wp-json\/wp\/v2\/tags?post=3887"}],"curies":[{"name":"wp","href":"https:\/\/api.w.org\/{rel}","templated":true}]}}