{"id":3880,"date":"2025-11-19T08:59:46","date_gmt":"2025-11-19T08:59:46","guid":{"rendered":"https:\/\/connectbrussels.eu\/rapport-final-du-projet-erasmus-drm-frame-19-11-2025\/"},"modified":"2025-11-19T08:59:46","modified_gmt":"2025-11-19T08:59:46","slug":"rapport-final-du-projet-erasmus-drm-frame-19-11-2025","status":"publish","type":"post","link":"https:\/\/connectbrussels.eu\/fr\/rapport-final-du-projet-erasmus-drm-frame-19-11-2025\/","title":{"rendered":"Rapport final du projet Erasmus+ DRM-FRAME &#8211; 19\/11\/2025"},"content":{"rendered":"<h2 style=\"text-align: center;\"><strong>Rapport final du projet Erasmus+ DRM-FRAME &#8211; 19\/11\/2025<\/strong><\/h2>\n<p><span style=\"color: #ffffff;\">.<\/span><\/p>\n<p><img fetchpriority=\"high\" decoding=\"async\" width=\"853\" height=\"824\" class=\"wp-image-3875 aligncenter\" src=\"https:\/\/connectbrussels.eu\/wp-content\/uploads\/2026\/02\/word-image-3874-1.png\" srcset=\"https:\/\/connectbrussels.eu\/wp-content\/uploads\/2026\/02\/word-image-3874-1.png 853w, https:\/\/connectbrussels.eu\/wp-content\/uploads\/2026\/02\/word-image-3874-1-300x290.png 300w, https:\/\/connectbrussels.eu\/wp-content\/uploads\/2026\/02\/word-image-3874-1-768x742.png 768w\" sizes=\"(max-width: 853px) 100vw, 853px\" \/><\/p>\n<p><span style=\"color: #ffffff;\">.<\/span><\/p>\n<p>Le 19 novembre, les partenaires se sont r\u00e9unis \u00e0 Bruxelles pour la r\u00e9union de projet transnationale finale du projet Erasmus+ DRM-FRAME.<br \/>\nAccueillie au Connect Brussels Youth Center, la r\u00e9union a marqu\u00e9 une \u00e9tape importante puisque les participants ont examin\u00e9 les r\u00e9sultats de tous les lots de travail, pr\u00e9sent\u00e9 la plateforme de formation interactive et discut\u00e9 du pilotage du retour d&rsquo;information pour am\u00e9liorer encore ses fonctionnalit\u00e9s. Ils ont \u00e9galement partag\u00e9 les principaux r\u00e9sultats de l&rsquo;\u00e9valuation et explor\u00e9 les possibilit\u00e9s de durabilit\u00e9 et de collaboration future.<\/p>\n<p>La r\u00e9union a permis de conclure un projet visant \u00e0 renforcer la gestion des risques de catastrophes et la r\u00e9silience civile en Europe. Le consortium s&rsquo;est f\u00e9licit\u00e9 de l&rsquo;engagement et du travail d&rsquo;\u00e9quipe dont il a fait preuve tout au long de la mise en \u0153uvre du projet.<\/p>\n<p>Les partenaires sont maintenant impatients de construire sur les fondations cr\u00e9\u00e9es ensemble.<\/p>\n<p><span style=\"color: #ffffff;\">.<\/span><\/p>\n","protected":false},"excerpt":{"rendered":"<p>Rapport final du projet Erasmus+ DRM-FRAME &#8211; 19\/11\/2025 . . Le 19 novembre, les partenaires se sont r\u00e9unis \u00e0 Bruxelles pour la r\u00e9union de projet transnationale finale du projet Erasmus+ DRM-FRAME. Accueillie au Connect Brussels Youth Center, la r\u00e9union a marqu\u00e9 une \u00e9tape importante puisque les participants ont examin\u00e9 les r\u00e9sultats de tous les lots [&hellip;]<\/p>\n","protected":false},"author":2,"featured_media":3876,"comment_status":"open","ping_status":"open","sticky":false,"template":"","format":"standard","meta":{"_acf_changed":false,"footnotes":""},"categories":[34],"tags":[],"class_list":["post-3880","post","type-post","status-publish","format-standard","has-post-thumbnail","hentry","category-projets-internationaux"],"blocksy_meta":[],"acf":[],"_links":{"self":[{"href":"https:\/\/connectbrussels.eu\/fr\/wp-json\/wp\/v2\/posts\/3880","targetHints":{"allow":["GET"]}}],"collection":[{"href":"https:\/\/connectbrussels.eu\/fr\/wp-json\/wp\/v2\/posts"}],"about":[{"href":"https:\/\/connectbrussels.eu\/fr\/wp-json\/wp\/v2\/types\/post"}],"author":[{"embeddable":true,"href":"https:\/\/connectbrussels.eu\/fr\/wp-json\/wp\/v2\/users\/2"}],"replies":[{"embeddable":true,"href":"https:\/\/connectbrussels.eu\/fr\/wp-json\/wp\/v2\/comments?post=3880"}],"version-history":[{"count":0,"href":"https:\/\/connectbrussels.eu\/fr\/wp-json\/wp\/v2\/posts\/3880\/revisions"}],"wp:featuredmedia":[{"embeddable":true,"href":"https:\/\/connectbrussels.eu\/fr\/wp-json\/wp\/v2\/media\/3876"}],"wp:attachment":[{"href":"https:\/\/connectbrussels.eu\/fr\/wp-json\/wp\/v2\/media?parent=3880"}],"wp:term":[{"taxonomy":"category","embeddable":true,"href":"https:\/\/connectbrussels.eu\/fr\/wp-json\/wp\/v2\/categories?post=3880"},{"taxonomy":"post_tag","embeddable":true,"href":"https:\/\/connectbrussels.eu\/fr\/wp-json\/wp\/v2\/tags?post=3880"}],"curies":[{"name":"wp","href":"https:\/\/api.w.org\/{rel}","templated":true}]}}