{"id":3873,"date":"2025-12-02T08:53:25","date_gmt":"2025-12-02T08:53:25","guid":{"rendered":"https:\/\/connectbrussels.eu\/les-etudiants-de-st-joseph-rejoignent-lequipe-2-12-2025\/"},"modified":"2025-12-02T08:53:25","modified_gmt":"2025-12-02T08:53:25","slug":"les-etudiants-de-st-joseph-rejoignent-lequipe-2-12-2025","status":"publish","type":"post","link":"https:\/\/connectbrussels.eu\/fr\/les-etudiants-de-st-joseph-rejoignent-lequipe-2-12-2025\/","title":{"rendered":"Les \u00e9tudiants de St. Joseph rejoignent l&rsquo;\u00e9quipe ! 2\/12\/2025"},"content":{"rendered":"<h2 style=\"text-align: center;\"><strong>Les \u00e9tudiants de St. Joseph rejoignent l&rsquo;\u00e9quipe ! 2\/12\/2025<\/strong><\/h2>\n<p><span style=\"color: #ffffff;\">.<\/span><\/p>\n<p><img fetchpriority=\"high\" decoding=\"async\" width=\"625\" height=\"842\" class=\"wp-image-3868 aligncenter\" src=\"https:\/\/connectbrussels.eu\/wp-content\/uploads\/2026\/02\/word-image-3867-1.png\" srcset=\"https:\/\/connectbrussels.eu\/wp-content\/uploads\/2026\/02\/word-image-3867-1.png 625w, https:\/\/connectbrussels.eu\/wp-content\/uploads\/2026\/02\/word-image-3867-1-223x300.png 223w\" sizes=\"(max-width: 625px) 100vw, 625px\" \/><\/p>\n<p><span style=\"color: #ffffff;\">.<\/span><\/p>\n<p>Trois \u00e9tudiants de l&rsquo;Institut Saint-Joseph viennent de commencer leur stage chez Connect Brussels !<\/p>\n<p>Leur mission est simple : redonner vie \u00e0 nos ordinateurs et appareils \u00e9lectroniques, afin qu&rsquo;ils puissent \u00e0 nouveau servir nos jeunes et l&rsquo;ensemble de la communaut\u00e9.<\/p>\n<p>Chez Connect Brussels, nous pensons que rester connect\u00e9 est un droit pour tous &#8211; et gr\u00e2ce \u00e0 leur travail acharn\u00e9, nous en faisons une r\u00e9alit\u00e9. \ud83d\udcbb\u2728 <\/p>\n<p><span style=\"color: #ffffff;\">.<\/span><\/p>\n","protected":false},"excerpt":{"rendered":"<p>Les \u00e9tudiants de St. Joseph rejoignent l&rsquo;\u00e9quipe ! 2\/12\/2025 . . Trois \u00e9tudiants de l&rsquo;Institut Saint-Joseph viennent de commencer leur stage chez Connect Brussels ! Leur mission est simple : redonner vie \u00e0 nos ordinateurs et appareils \u00e9lectroniques, afin qu&rsquo;ils puissent \u00e0 nouveau servir nos jeunes et l&rsquo;ensemble de la communaut\u00e9. Chez Connect Brussels, nous [&hellip;]<\/p>\n","protected":false},"author":2,"featured_media":3869,"comment_status":"open","ping_status":"open","sticky":false,"template":"","format":"standard","meta":{"_acf_changed":false,"footnotes":""},"categories":[33],"tags":[],"class_list":["post-3873","post","type-post","status-publish","format-standard","has-post-thumbnail","hentry","category-autonomisation-des-jeunes"],"blocksy_meta":[],"acf":[],"_links":{"self":[{"href":"https:\/\/connectbrussels.eu\/fr\/wp-json\/wp\/v2\/posts\/3873","targetHints":{"allow":["GET"]}}],"collection":[{"href":"https:\/\/connectbrussels.eu\/fr\/wp-json\/wp\/v2\/posts"}],"about":[{"href":"https:\/\/connectbrussels.eu\/fr\/wp-json\/wp\/v2\/types\/post"}],"author":[{"embeddable":true,"href":"https:\/\/connectbrussels.eu\/fr\/wp-json\/wp\/v2\/users\/2"}],"replies":[{"embeddable":true,"href":"https:\/\/connectbrussels.eu\/fr\/wp-json\/wp\/v2\/comments?post=3873"}],"version-history":[{"count":0,"href":"https:\/\/connectbrussels.eu\/fr\/wp-json\/wp\/v2\/posts\/3873\/revisions"}],"wp:featuredmedia":[{"embeddable":true,"href":"https:\/\/connectbrussels.eu\/fr\/wp-json\/wp\/v2\/media\/3869"}],"wp:attachment":[{"href":"https:\/\/connectbrussels.eu\/fr\/wp-json\/wp\/v2\/media?parent=3873"}],"wp:term":[{"taxonomy":"category","embeddable":true,"href":"https:\/\/connectbrussels.eu\/fr\/wp-json\/wp\/v2\/categories?post=3873"},{"taxonomy":"post_tag","embeddable":true,"href":"https:\/\/connectbrussels.eu\/fr\/wp-json\/wp\/v2\/tags?post=3873"}],"curies":[{"name":"wp","href":"https:\/\/api.w.org\/{rel}","templated":true}]}}