{"id":3866,"date":"2026-01-13T08:46:13","date_gmt":"2026-01-13T08:46:13","guid":{"rendered":"https:\/\/connectbrussels.eu\/connecter-bruxelles-au-college-sint-pieters-jette-13-1-2026\/"},"modified":"2026-01-13T08:46:13","modified_gmt":"2026-01-13T08:46:13","slug":"connecter-bruxelles-au-college-sint-pieters-jette-13-1-2026","status":"publish","type":"post","link":"https:\/\/connectbrussels.eu\/fr\/connecter-bruxelles-au-college-sint-pieters-jette-13-1-2026\/","title":{"rendered":"Connecter Bruxelles au Coll\u00e8ge Sint-Pieters, Jette &#8211; 13\/1\/2026"},"content":{"rendered":"<h2 style=\"text-align: center;\"><strong>Connecter Bruxelles au Coll\u00e8ge Sint-Pieters, Jette &#8211; 13\/1\/2026<\/strong><\/h2>\n<p><span style=\"color: #ffffff;\">.<\/span><\/p>\n<p><img fetchpriority=\"high\" decoding=\"async\" width=\"639\" height=\"854\" class=\"wp-image-3863 aligncenter\" src=\"https:\/\/connectbrussels.eu\/wp-content\/uploads\/2026\/02\/word-image-3860-2.png\" srcset=\"https:\/\/connectbrussels.eu\/wp-content\/uploads\/2026\/02\/word-image-3860-2.png 639w, https:\/\/connectbrussels.eu\/wp-content\/uploads\/2026\/02\/word-image-3860-2-224x300.png 224w\" sizes=\"(max-width: 639px) 100vw, 639px\" \/><\/p>\n<p><span style=\"color: #ffffff;\">.<\/span><\/p>\n<p>Nous avons rejoint le Jongerenloket au coll\u00e8ge Sint-Pieters pour rencontrer des \u00e9tudiants, r\u00e9pondre \u00e0 leurs questions et parler des opportunit\u00e9s et des initiatives pour la jeunesse \u00e0 Jette.<\/p>\n<p>De bonnes conversations, des esprits curieux et une v\u00e9ritable connexion &#8211; c&rsquo;est exactement ce que le travail de jeunesse devrait ressentir.<\/p>\n<p>\ud83e\udd1d Merci \u00e0 tous ceux qui sont pass\u00e9s nous voir !<\/p>\n<p><span style=\"color: #ffffff;\">.<\/span><\/p>\n","protected":false},"excerpt":{"rendered":"<p>Connecter Bruxelles au Coll\u00e8ge Sint-Pieters, Jette &#8211; 13\/1\/2026 . . Nous avons rejoint le Jongerenloket au coll\u00e8ge Sint-Pieters pour rencontrer des \u00e9tudiants, r\u00e9pondre \u00e0 leurs questions et parler des opportunit\u00e9s et des initiatives pour la jeunesse \u00e0 Jette. De bonnes conversations, des esprits curieux et une v\u00e9ritable connexion &#8211; c&rsquo;est exactement ce que le travail [&hellip;]<\/p>\n","protected":false},"author":2,"featured_media":3862,"comment_status":"open","ping_status":"open","sticky":false,"template":"","format":"standard","meta":{"_acf_changed":false,"footnotes":""},"categories":[35],"tags":[],"class_list":["post-3866","post","type-post","status-publish","format-standard","has-post-thumbnail","hentry","category-evenements-et-festivals"],"blocksy_meta":[],"acf":[],"_links":{"self":[{"href":"https:\/\/connectbrussels.eu\/fr\/wp-json\/wp\/v2\/posts\/3866","targetHints":{"allow":["GET"]}}],"collection":[{"href":"https:\/\/connectbrussels.eu\/fr\/wp-json\/wp\/v2\/posts"}],"about":[{"href":"https:\/\/connectbrussels.eu\/fr\/wp-json\/wp\/v2\/types\/post"}],"author":[{"embeddable":true,"href":"https:\/\/connectbrussels.eu\/fr\/wp-json\/wp\/v2\/users\/2"}],"replies":[{"embeddable":true,"href":"https:\/\/connectbrussels.eu\/fr\/wp-json\/wp\/v2\/comments?post=3866"}],"version-history":[{"count":0,"href":"https:\/\/connectbrussels.eu\/fr\/wp-json\/wp\/v2\/posts\/3866\/revisions"}],"wp:featuredmedia":[{"embeddable":true,"href":"https:\/\/connectbrussels.eu\/fr\/wp-json\/wp\/v2\/media\/3862"}],"wp:attachment":[{"href":"https:\/\/connectbrussels.eu\/fr\/wp-json\/wp\/v2\/media?parent=3866"}],"wp:term":[{"taxonomy":"category","embeddable":true,"href":"https:\/\/connectbrussels.eu\/fr\/wp-json\/wp\/v2\/categories?post=3866"},{"taxonomy":"post_tag","embeddable":true,"href":"https:\/\/connectbrussels.eu\/fr\/wp-json\/wp\/v2\/tags?post=3866"}],"curies":[{"name":"wp","href":"https:\/\/api.w.org\/{rel}","templated":true}]}}