{"id":3748,"date":"2025-04-02T14:32:30","date_gmt":"2025-04-02T14:32:30","guid":{"rendered":"https:\/\/connectbrussels.eu\/formation-au-projet-growth-en-italie-01-04-2025\/"},"modified":"2025-04-02T14:32:30","modified_gmt":"2025-04-02T14:32:30","slug":"formation-au-projet-growth-en-italie-01-04-2025","status":"publish","type":"post","link":"https:\/\/connectbrussels.eu\/fr\/formation-au-projet-growth-en-italie-01-04-2025\/","title":{"rendered":"Formation au projet GROWTH en Italie ! &#8211; 01\/04\/2025"},"content":{"rendered":"<p><strong>Nous sommes heureux d&rsquo;annoncer que deux jeunes participants bruxellois ont particip\u00e9 avec succ\u00e8s aux sessions de test et de formation \u00e0 l&rsquo;esprit d&rsquo;entreprise \u00e0 Viterbo, en Italie, les 27 et 28 mars 2025 !<\/strong><\/p>\n<p>L&rsquo;\u00e9v\u00e9nement a \u00e9t\u00e9 une exp\u00e9rience captivante, nos participants ayant acquis des connaissances pr\u00e9cieuses sur l&rsquo;entrepreneuriat gr\u00e2ce \u00e0 des outils interactifs tels que le jeu de soci\u00e9t\u00e9 num\u00e9rique et le manuel. Ils ont collabor\u00e9 avec des pairs de toute l&rsquo;Europe, ont apport\u00e9 un retour d&rsquo;information essentiel pour affiner ces ressources innovantes et ont profit\u00e9 du magnifique paysage m\u00e9di\u00e9val de Viterbe.<\/p>\n<p>Un grand merci \u00e0 nos participants pour avoir si bien repr\u00e9sent\u00e9 Connect Brussels !<\/p>\n<p>Restez \u00e0 l&rsquo;\u00e9coute pour d&rsquo;autres opportunit\u00e9s et suivez le parcours du projet GROWTH :<\/p>\n<p>\ud83d\udd17 <a href=\"http:\/\/www.growth-project.eu\/\">http:\/\/www.growth-project.eu\/<\/a><br \/>\n\ud83c\udfae <a href=\"https:\/\/growth-game.innovationbee.gr\/\">https:\/\/growth-game.innovationbee.gr\/<\/a><\/p>\n","protected":false},"excerpt":{"rendered":"<p>Nous sommes heureux d&rsquo;annoncer que deux jeunes participants bruxellois ont particip\u00e9 avec succ\u00e8s aux sessions de test et de formation \u00e0 l&rsquo;esprit d&rsquo;entreprise \u00e0 Viterbo, en Italie, les 27 et 28 mars 2025 ! L&rsquo;\u00e9v\u00e9nement a \u00e9t\u00e9 une exp\u00e9rience captivante, nos participants ayant acquis des connaissances pr\u00e9cieuses sur l&rsquo;entrepreneuriat gr\u00e2ce \u00e0 des outils interactifs tels [&hellip;]<\/p>\n","protected":false},"author":2,"featured_media":1951,"comment_status":"open","ping_status":"open","sticky":false,"template":"","format":"standard","meta":{"_acf_changed":false,"footnotes":""},"categories":[34],"tags":[],"class_list":["post-3748","post","type-post","status-publish","format-standard","has-post-thumbnail","hentry","category-projets-internationaux"],"blocksy_meta":[],"acf":[],"_links":{"self":[{"href":"https:\/\/connectbrussels.eu\/fr\/wp-json\/wp\/v2\/posts\/3748","targetHints":{"allow":["GET"]}}],"collection":[{"href":"https:\/\/connectbrussels.eu\/fr\/wp-json\/wp\/v2\/posts"}],"about":[{"href":"https:\/\/connectbrussels.eu\/fr\/wp-json\/wp\/v2\/types\/post"}],"author":[{"embeddable":true,"href":"https:\/\/connectbrussels.eu\/fr\/wp-json\/wp\/v2\/users\/2"}],"replies":[{"embeddable":true,"href":"https:\/\/connectbrussels.eu\/fr\/wp-json\/wp\/v2\/comments?post=3748"}],"version-history":[{"count":0,"href":"https:\/\/connectbrussels.eu\/fr\/wp-json\/wp\/v2\/posts\/3748\/revisions"}],"wp:featuredmedia":[{"embeddable":true,"href":"https:\/\/connectbrussels.eu\/fr\/wp-json\/wp\/v2\/media\/1951"}],"wp:attachment":[{"href":"https:\/\/connectbrussels.eu\/fr\/wp-json\/wp\/v2\/media?parent=3748"}],"wp:term":[{"taxonomy":"category","embeddable":true,"href":"https:\/\/connectbrussels.eu\/fr\/wp-json\/wp\/v2\/categories?post=3748"},{"taxonomy":"post_tag","embeddable":true,"href":"https:\/\/connectbrussels.eu\/fr\/wp-json\/wp\/v2\/tags?post=3748"}],"curies":[{"name":"wp","href":"https:\/\/api.w.org\/{rel}","templated":true}]}}