{"id":3747,"date":"2025-03-20T08:35:13","date_gmt":"2025-03-20T08:35:13","guid":{"rendered":"https:\/\/connectbrussels.eu\/accreditation-du-label-de-qualite-du-ces-20-03-2025\/"},"modified":"2025-03-20T08:35:13","modified_gmt":"2025-03-20T08:35:13","slug":"accreditation-du-label-de-qualite-du-ces-20-03-2025","status":"publish","type":"post","link":"https:\/\/connectbrussels.eu\/fr\/accreditation-du-label-de-qualite-du-ces-20-03-2025\/","title":{"rendered":"Accr\u00e9ditation du label de qualit\u00e9 du CES ! &#8211; 20\/03\/2025"},"content":{"rendered":"<p>Nous sommes ravis d&rsquo;annoncer que Connect Brussels a \u00e9t\u00e9 officiellement accr\u00e9dit\u00e9 avec le Label de Qualit\u00e9 du Corps Europ\u00e9en de Solidarit\u00e9 (Accreditation ID 2024-1-BE04-ESC50-QLA-000296517) par la Commission Europ\u00e9enne \u00e0 travers le Bureau International Jeunesse !<\/p>\n<p>Cette accr\u00e9ditation reconna\u00eet notre engagement \u00e0 fournir des activit\u00e9s de solidarit\u00e9 de haute qualit\u00e9, assurant des exp\u00e9riences de volontariat significatives qui s&rsquo;alignent sur les principes, les objectifs et les normes du Corps Europ\u00e9en de Solidarit\u00e9.<\/p>\n<p>Gr\u00e2ce \u00e0 ce label de qualit\u00e9, nous sommes d\u00e9sormais pr\u00eats \u00e0 renforcer l&rsquo;autonomie des jeunes, \u00e0 promouvoir l&rsquo;inclusion sociale et \u00e0 encourager la citoyennet\u00e9 active par le biais de projets europ\u00e9ens \u00e0 fort impact.<\/p>\n<p>#ConnectBrussels #ESCQualityLabel #EuropeanSolidarityCorps #YouthOpportunities #ActiveCitizenship<\/p>\n","protected":false},"excerpt":{"rendered":"<p>Nous sommes ravis d&rsquo;annoncer que Connect Brussels a \u00e9t\u00e9 officiellement accr\u00e9dit\u00e9 avec le Label de Qualit\u00e9 du Corps Europ\u00e9en de Solidarit\u00e9 (Accreditation ID 2024-1-BE04-ESC50-QLA-000296517) par la Commission Europ\u00e9enne \u00e0 travers le Bureau International Jeunesse ! Cette accr\u00e9ditation reconna\u00eet notre engagement \u00e0 fournir des activit\u00e9s de solidarit\u00e9 de haute qualit\u00e9, assurant des exp\u00e9riences de volontariat significatives [&hellip;]<\/p>\n","protected":false},"author":2,"featured_media":2000,"comment_status":"open","ping_status":"open","sticky":false,"template":"","format":"standard","meta":{"_acf_changed":false,"footnotes":""},"categories":[34],"tags":[],"class_list":["post-3747","post","type-post","status-publish","format-standard","has-post-thumbnail","hentry","category-projets-internationaux"],"blocksy_meta":[],"acf":[],"_links":{"self":[{"href":"https:\/\/connectbrussels.eu\/fr\/wp-json\/wp\/v2\/posts\/3747","targetHints":{"allow":["GET"]}}],"collection":[{"href":"https:\/\/connectbrussels.eu\/fr\/wp-json\/wp\/v2\/posts"}],"about":[{"href":"https:\/\/connectbrussels.eu\/fr\/wp-json\/wp\/v2\/types\/post"}],"author":[{"embeddable":true,"href":"https:\/\/connectbrussels.eu\/fr\/wp-json\/wp\/v2\/users\/2"}],"replies":[{"embeddable":true,"href":"https:\/\/connectbrussels.eu\/fr\/wp-json\/wp\/v2\/comments?post=3747"}],"version-history":[{"count":0,"href":"https:\/\/connectbrussels.eu\/fr\/wp-json\/wp\/v2\/posts\/3747\/revisions"}],"wp:featuredmedia":[{"embeddable":true,"href":"https:\/\/connectbrussels.eu\/fr\/wp-json\/wp\/v2\/media\/2000"}],"wp:attachment":[{"href":"https:\/\/connectbrussels.eu\/fr\/wp-json\/wp\/v2\/media?parent=3747"}],"wp:term":[{"taxonomy":"category","embeddable":true,"href":"https:\/\/connectbrussels.eu\/fr\/wp-json\/wp\/v2\/categories?post=3747"},{"taxonomy":"post_tag","embeddable":true,"href":"https:\/\/connectbrussels.eu\/fr\/wp-json\/wp\/v2\/tags?post=3747"}],"curies":[{"name":"wp","href":"https:\/\/api.w.org\/{rel}","templated":true}]}}