{"id":3746,"date":"2025-01-30T08:30:30","date_gmt":"2025-01-30T08:30:30","guid":{"rendered":"https:\/\/connectbrussels.eu\/connect-brussels-signe-la-charte-europeenne-de-linformation-jeunesse-30-01-2025\/"},"modified":"2025-01-30T08:30:30","modified_gmt":"2025-01-30T08:30:30","slug":"connect-brussels-signe-la-charte-europeenne-de-linformation-jeunesse-30-01-2025","status":"publish","type":"post","link":"https:\/\/connectbrussels.eu\/fr\/connect-brussels-signe-la-charte-europeenne-de-linformation-jeunesse-30-01-2025\/","title":{"rendered":"Connect Brussels signe la Charte europ\u00e9enne de l&rsquo;information jeunesse ! &#8211; 30\/01\/2025"},"content":{"rendered":"<p><strong>Nous sommes ravis de vous annoncer que nous sommes officiellement devenus signataires de la Charte europ\u00e9enne de l&rsquo;information jeunesse !<\/strong><\/p>\n<p>Pour nous, il ne s&rsquo;agit pas seulement d&rsquo;une signature, mais d&rsquo;un engagement. Un engagement \u00e0 faire en sorte que les jeunes aient acc\u00e8s \u00e0 des informations fiables, inclusives et responsabilisantes qui les aident \u00e0 mener leur vie en toute confiance. Nous pensons que chaque jeune m\u00e9rite d&rsquo;\u00eatre inform\u00e9, entendu et soutenu dans la construction de son avenir.<\/p>\n<p>Cette \u00e9tape renforce notre mission de cr\u00e9er un espace o\u00f9 les jeunes peuvent se connecter, apprendre et grandir &#8211; sans barri\u00e8res.<\/p>\n<p>Nous sommes impatients de travailler avec Eryica &#8211; l&rsquo;Agence europ\u00e9enne pour l&rsquo;information et le conseil des jeunes &#8211; et avec le r\u00e9seau d&rsquo;information jeunesse au sens large pour continuer \u00e0 soutenir les jeunes dans toute l&rsquo;Europe !<\/p>\n<p><a href=\"https:\/\/connectbrussels.eu\/?attachment_id=1965\"><img fetchpriority=\"high\" decoding=\"async\" class=\"wp-image-1965 aligncenter\" src=\"https:\/\/connectbrussels.eu\/wp-content\/uploads\/2025\/04\/Post-3.2-Connect-Brussels-Signs-the-European-Youth-Information-Charter-724x1024.png\" alt=\"\" width=\"463\" height=\"655\" srcset=\"https:\/\/connectbrussels.eu\/wp-content\/uploads\/2025\/04\/Post-3.2-Connect-Brussels-Signs-the-European-Youth-Information-Charter-724x1024.png 724w, https:\/\/connectbrussels.eu\/wp-content\/uploads\/2025\/04\/Post-3.2-Connect-Brussels-Signs-the-European-Youth-Information-Charter-212x300.png 212w, https:\/\/connectbrussels.eu\/wp-content\/uploads\/2025\/04\/Post-3.2-Connect-Brussels-Signs-the-European-Youth-Information-Charter-768x1086.png 768w, https:\/\/connectbrussels.eu\/wp-content\/uploads\/2025\/04\/Post-3.2-Connect-Brussels-Signs-the-European-Youth-Information-Charter-1086x1536.png 1086w, https:\/\/connectbrussels.eu\/wp-content\/uploads\/2025\/04\/Post-3.2-Connect-Brussels-Signs-the-European-Youth-Information-Charter-1448x2048.png 1448w, https:\/\/connectbrussels.eu\/wp-content\/uploads\/2025\/04\/Post-3.2-Connect-Brussels-Signs-the-European-Youth-Information-Charter.png 1654w\" sizes=\"(max-width: 463px) 100vw, 463px\" \/><\/a><\/p>\n","protected":false},"excerpt":{"rendered":"<p>Nous sommes ravis de vous annoncer que nous sommes officiellement devenus signataires de la Charte europ\u00e9enne de l&rsquo;information jeunesse ! Pour nous, il ne s&rsquo;agit pas seulement d&rsquo;une signature, mais d&rsquo;un engagement. Un engagement \u00e0 faire en sorte que les jeunes aient acc\u00e8s \u00e0 des informations fiables, inclusives et responsabilisantes qui les aident \u00e0 mener [&hellip;]<\/p>\n","protected":false},"author":2,"featured_media":1968,"comment_status":"open","ping_status":"open","sticky":false,"template":"","format":"standard","meta":{"_acf_changed":false,"footnotes":""},"categories":[34],"tags":[],"class_list":["post-3746","post","type-post","status-publish","format-standard","has-post-thumbnail","hentry","category-projets-internationaux"],"blocksy_meta":[],"acf":[],"_links":{"self":[{"href":"https:\/\/connectbrussels.eu\/fr\/wp-json\/wp\/v2\/posts\/3746","targetHints":{"allow":["GET"]}}],"collection":[{"href":"https:\/\/connectbrussels.eu\/fr\/wp-json\/wp\/v2\/posts"}],"about":[{"href":"https:\/\/connectbrussels.eu\/fr\/wp-json\/wp\/v2\/types\/post"}],"author":[{"embeddable":true,"href":"https:\/\/connectbrussels.eu\/fr\/wp-json\/wp\/v2\/users\/2"}],"replies":[{"embeddable":true,"href":"https:\/\/connectbrussels.eu\/fr\/wp-json\/wp\/v2\/comments?post=3746"}],"version-history":[{"count":0,"href":"https:\/\/connectbrussels.eu\/fr\/wp-json\/wp\/v2\/posts\/3746\/revisions"}],"wp:featuredmedia":[{"embeddable":true,"href":"https:\/\/connectbrussels.eu\/fr\/wp-json\/wp\/v2\/media\/1968"}],"wp:attachment":[{"href":"https:\/\/connectbrussels.eu\/fr\/wp-json\/wp\/v2\/media?parent=3746"}],"wp:term":[{"taxonomy":"category","embeddable":true,"href":"https:\/\/connectbrussels.eu\/fr\/wp-json\/wp\/v2\/categories?post=3746"},{"taxonomy":"post_tag","embeddable":true,"href":"https:\/\/connectbrussels.eu\/fr\/wp-json\/wp\/v2\/tags?post=3746"}],"curies":[{"name":"wp","href":"https:\/\/api.w.org\/{rel}","templated":true}]}}