{"id":3743,"date":"2025-01-03T07:56:02","date_gmt":"2025-01-03T07:56:02","guid":{"rendered":"https:\/\/connectbrussels.eu\/connect-brussels-vous-souhaite-une-bonne-annee-03-01-2025\/"},"modified":"2025-01-03T07:56:02","modified_gmt":"2025-01-03T07:56:02","slug":"connect-brussels-vous-souhaite-une-bonne-annee-03-01-2025","status":"publish","type":"post","link":"https:\/\/connectbrussels.eu\/fr\/connect-brussels-vous-souhaite-une-bonne-annee-03-01-2025\/","title":{"rendered":"Connect Brussels vous souhaite une bonne ann\u00e9e ! &#8211; 03\/01\/2025"},"content":{"rendered":"<p>\u00c0 l&rsquo;aube de 2025, nous sommes remplis de gratitude pour l&rsquo;\u00e9nergie vibrante et la cr\u00e9ativit\u00e9 que vous avez apport\u00e9es \u00e0 notre espace tout au long de l&rsquo;ann\u00e9e. Des ateliers passionnants aux moments inoubliables de connexion et de rire, VOUS faites de Connect Brussels le c\u0153ur de Jette ! <\/p>\n<p>Cette ann\u00e9e, nous sommes pr\u00eats \u00e0 passer \u00e0 la vitesse sup\u00e9rieure avec des activit\u00e9s in\u00e9dites, des \u00e9v\u00e9nements inspirants et des espaces permettant \u00e0 chacun de grandir, de r\u00eaver et de s&rsquo;\u00e9panouir. Que vous soyez passionn\u00e9 par les arts, les sports, la culture ou que vous souhaitiez simplement rencontrer de nouveaux amis, l&rsquo;Avenue Charles Woeste 180 est l&rsquo;endroit o\u00f9 il faut \u00eatre en 2025 ! <\/p>\n<p>Restez \u00e0 l&rsquo;\u00e9coute pour conna\u00eetre notre calendrier d&rsquo;activit\u00e9s. Rejoignez-nous, amenez vos amis et faisons de 2025 notre ann\u00e9e la plus connect\u00e9e et la plus cr\u00e9ative ! <\/p>\n<p>\ud83d\udccd Connect Brussels (Avenue Charles Woeste 180) : Osez agir, osez jouer, osez changer !<\/p>\n<p>\ud83c\udf10 N&rsquo;oubliez pas de nous suivre pour les mises \u00e0 jour et les \u00e9v\u00e9nements.<\/p>\n","protected":false},"excerpt":{"rendered":"<p>\u00c0 l&rsquo;aube de 2025, nous sommes remplis de gratitude pour l&rsquo;\u00e9nergie vibrante et la cr\u00e9ativit\u00e9 que vous avez apport\u00e9es \u00e0 notre espace tout au long de l&rsquo;ann\u00e9e. Des ateliers passionnants aux moments inoubliables de connexion et de rire, VOUS faites de Connect Brussels le c\u0153ur de Jette ! Cette ann\u00e9e, nous sommes pr\u00eats \u00e0 passer [&hellip;]<\/p>\n","protected":false},"author":2,"featured_media":1962,"comment_status":"open","ping_status":"open","sticky":false,"template":"","format":"standard","meta":{"_acf_changed":false,"footnotes":""},"categories":[33],"tags":[],"class_list":["post-3743","post","type-post","status-publish","format-standard","has-post-thumbnail","hentry","category-autonomisation-des-jeunes"],"blocksy_meta":[],"acf":[],"_links":{"self":[{"href":"https:\/\/connectbrussels.eu\/fr\/wp-json\/wp\/v2\/posts\/3743","targetHints":{"allow":["GET"]}}],"collection":[{"href":"https:\/\/connectbrussels.eu\/fr\/wp-json\/wp\/v2\/posts"}],"about":[{"href":"https:\/\/connectbrussels.eu\/fr\/wp-json\/wp\/v2\/types\/post"}],"author":[{"embeddable":true,"href":"https:\/\/connectbrussels.eu\/fr\/wp-json\/wp\/v2\/users\/2"}],"replies":[{"embeddable":true,"href":"https:\/\/connectbrussels.eu\/fr\/wp-json\/wp\/v2\/comments?post=3743"}],"version-history":[{"count":0,"href":"https:\/\/connectbrussels.eu\/fr\/wp-json\/wp\/v2\/posts\/3743\/revisions"}],"wp:featuredmedia":[{"embeddable":true,"href":"https:\/\/connectbrussels.eu\/fr\/wp-json\/wp\/v2\/media\/1962"}],"wp:attachment":[{"href":"https:\/\/connectbrussels.eu\/fr\/wp-json\/wp\/v2\/media?parent=3743"}],"wp:term":[{"taxonomy":"category","embeddable":true,"href":"https:\/\/connectbrussels.eu\/fr\/wp-json\/wp\/v2\/categories?post=3743"},{"taxonomy":"post_tag","embeddable":true,"href":"https:\/\/connectbrussels.eu\/fr\/wp-json\/wp\/v2\/tags?post=3743"}],"curies":[{"name":"wp","href":"https:\/\/api.w.org\/{rel}","templated":true}]}}