{"id":3741,"date":"2024-12-20T08:22:58","date_gmt":"2024-12-20T08:22:58","guid":{"rendered":"https:\/\/connectbrussels.eu\/eco-champions-lancement-dune-collaboration-internationale-pour-une-gestion-durable-des-dechets-20-12-2024\/"},"modified":"2025-05-03T13:02:38","modified_gmt":"2025-05-03T13:02:38","slug":"eco-champions-lancement-dune-collaboration-internationale-pour-une-gestion-durable-des-dechets-20-12-2024","status":"publish","type":"post","link":"https:\/\/connectbrussels.eu\/fr\/eco-champions-lancement-dune-collaboration-internationale-pour-une-gestion-durable-des-dechets-20-12-2024\/","title":{"rendered":"Eco Champions : Lancement d&rsquo;une collaboration internationale pour une gestion durable des d\u00e9chets &#8211; 20\/12\/2024"},"content":{"rendered":"\t\t<div data-elementor-type=\"wp-post\" data-elementor-id=\"3741\" class=\"elementor elementor-3741 elementor-1872\" data-elementor-post-type=\"post\">\n\t\t\t\t<div class=\"elementor-element elementor-element-57acb1c e-flex e-con-boxed e-con e-parent\" data-id=\"57acb1c\" data-element_type=\"container\">\n\t\t\t\t\t<div class=\"e-con-inner\">\n\t\t\t\t<div class=\"elementor-element elementor-element-a0ab4ad elementor-widget elementor-widget-text-editor\" data-id=\"a0ab4ad\" data-element_type=\"widget\" data-widget_type=\"text-editor.default\">\n\t\t\t\t<div class=\"elementor-widget-container\">\n\t\t\t\t\t\t\t\t\t<p>Les 9 et 10 d\u00e9cembre 2024, la r\u00e9union de lancement du projet ECO CHAMPIONS (Code de projet : 101147501) a eu lieu \u00e0 Pristina, au Kosovo, r\u00e9unissant des partenaires de 5 pays europ\u00e9ens : Belgique, Gr\u00e8ce, Italie, Espagne et Kosovo. Financ\u00e9 par le programme CERV de l&rsquo;UE, le projet vise \u00e0 renforcer la participation active des citoyens \u00e0 la gestion durable des d\u00e9chets par le biais d&rsquo;activit\u00e9s \u00e9ducatives et d&rsquo;\u00e9co-marathons.<\/p><p>Au cours de la r\u00e9union, les participants ont particip\u00e9 \u00e0 des discussions approfondies centr\u00e9es sur l&rsquo;analyse des besoins sp\u00e9cifiques et des d\u00e9fis locaux auxquels chaque pays partenaire est confront\u00e9 en mati\u00e8re de gestion des d\u00e9chets. L&rsquo;accent a \u00e9t\u00e9 mis sur le d\u00e9veloppement d&rsquo;une plateforme num\u00e9rique, con\u00e7ue pour collecter, analyser et partager les meilleures pratiques de diverses communaut\u00e9s, permettant l&rsquo;\u00e9change de connaissances et encourageant l&rsquo;innovation dans les solutions durables en mati\u00e8re de d\u00e9chets. En outre, la discussion a mis l&rsquo;accent sur la conception strat\u00e9gique des \u00e9co-marathons, des \u00e9v\u00e9nements interactifs qui impliqueront activement les citoyens, les autorit\u00e9s locales et les organisations dans des initiatives pratiques. Ces marathons serviront de passerelle pour la collaboration, permettant aux communaut\u00e9s de cocr\u00e9er des solutions efficaces et \u00e9volutives pour un avenir plus vert et plus durable.<\/p><p>Le 10 d\u00e9cembre, le lancement officiel du projet a eu lieu avec la participation des autorit\u00e9s locales, des universit\u00e9s et des organisations sociales. Les participants ont \u00e9chang\u00e9 leurs points de vue sur les d\u00e9fis et les pratiques innovantes en mati\u00e8re de gestion des d\u00e9chets, tandis qu&rsquo;un atelier interactif de co-cr\u00e9ation a \u00e9t\u00e9 organis\u00e9 pour d\u00e9velopper davantage les \u00e9co-marathons.<\/p>\t\t\t\t\t\t\t\t<\/div>\n\t\t\t\t<\/div>\n\t\t\t\t<div class=\"elementor-element elementor-element-7dd3c1a elementor-widget elementor-widget-gallery\" data-id=\"7dd3c1a\" data-element_type=\"widget\" data-settings=\"{&quot;columns&quot;:2,&quot;lazyload&quot;:&quot;yes&quot;,&quot;gallery_layout&quot;:&quot;grid&quot;,&quot;columns_tablet&quot;:2,&quot;columns_mobile&quot;:1,&quot;gap&quot;:{&quot;unit&quot;:&quot;px&quot;,&quot;size&quot;:10,&quot;sizes&quot;:[]},&quot;gap_tablet&quot;:{&quot;unit&quot;:&quot;px&quot;,&quot;size&quot;:10,&quot;sizes&quot;:[]},&quot;gap_mobile&quot;:{&quot;unit&quot;:&quot;px&quot;,&quot;size&quot;:10,&quot;sizes&quot;:[]},&quot;link_to&quot;:&quot;file&quot;,&quot;aspect_ratio&quot;:&quot;3:2&quot;,&quot;overlay_background&quot;:&quot;yes&quot;,&quot;content_hover_animation&quot;:&quot;fade-in&quot;}\" data-widget_type=\"gallery.default\">\n\t\t\t\t<div class=\"elementor-widget-container\">\n\t\t\t\t\t\t\t<div class=\"elementor-gallery__container\">\n\t\t\t\t\t\t\t<a class=\"e-gallery-item elementor-gallery-item elementor-animated-content\" href=\"https:\/\/connectbrussels.eu\/wp-content\/uploads\/2025\/03\/word-image-1872-2.jpeg\" data-elementor-open-lightbox=\"yes\" data-elementor-lightbox-slideshow=\"7dd3c1a\" data-elementor-lightbox-title=\"word-image-1872-2\" data-e-action-hash=\"#elementor-action%3Aaction%3Dlightbox%26settings%3DeyJpZCI6MTg3NSwidXJsIjoiaHR0cHM6XC9cL2Nvbm5lY3RicnVzc2Vscy5ldVwvd3AtY29udGVudFwvdXBsb2Fkc1wvMjAyNVwvMDNcL3dvcmQtaW1hZ2UtMTg3Mi0yLmpwZWciLCJzbGlkZXNob3ciOiI3ZGQzYzFhIn0%3D\">\n\t\t\t\t\t<div class=\"e-gallery-image elementor-gallery-item__image\" data-thumbnail=\"https:\/\/connectbrussels.eu\/wp-content\/uploads\/2025\/03\/word-image-1872-2-300x226.jpeg\" data-width=\"300\" data-height=\"226\" aria-label=\"\" role=\"img\" ><\/div>\n\t\t\t\t\t\t\t\t\t\t\t<div class=\"elementor-gallery-item__overlay\"><\/div>\n\t\t\t\t\t\t\t\t\t\t\t\t\t\t<\/a>\n\t\t\t\t\t\t\t<a class=\"e-gallery-item elementor-gallery-item elementor-animated-content\" href=\"https:\/\/connectbrussels.eu\/wp-content\/uploads\/2025\/03\/word-image-1872-3.jpeg\" data-elementor-open-lightbox=\"yes\" data-elementor-lightbox-slideshow=\"7dd3c1a\" data-elementor-lightbox-title=\"word-image-1872-3\" data-e-action-hash=\"#elementor-action%3Aaction%3Dlightbox%26settings%3DeyJpZCI6MTg3NywidXJsIjoiaHR0cHM6XC9cL2Nvbm5lY3RicnVzc2Vscy5ldVwvd3AtY29udGVudFwvdXBsb2Fkc1wvMjAyNVwvMDNcL3dvcmQtaW1hZ2UtMTg3Mi0zLmpwZWciLCJzbGlkZXNob3ciOiI3ZGQzYzFhIn0%3D\">\n\t\t\t\t\t<div class=\"e-gallery-image elementor-gallery-item__image\" data-thumbnail=\"https:\/\/connectbrussels.eu\/wp-content\/uploads\/2025\/03\/word-image-1872-3-300x226.jpeg\" data-width=\"300\" data-height=\"226\" aria-label=\"\" role=\"img\" ><\/div>\n\t\t\t\t\t\t\t\t\t\t\t<div class=\"elementor-gallery-item__overlay\"><\/div>\n\t\t\t\t\t\t\t\t\t\t\t\t\t\t<\/a>\n\t\t\t\t\t<\/div>\n\t\t\t\t\t<\/div>\n\t\t\t\t<\/div>\n\t\t\t\t<div class=\"elementor-element elementor-element-4af02ca elementor-widget elementor-widget-text-editor\" data-id=\"4af02ca\" data-element_type=\"widget\" data-widget_type=\"text-editor.default\">\n\t\t\t\t<div class=\"elementor-widget-container\">\n\t\t\t\t\t\t\t\t\t<p>Le projet n&rsquo;en est qu&rsquo;\u00e0 ses d\u00e9buts, mais les perspectives sont tr\u00e8s prometteuses ! En 2025, les premiers \u00e9co-marathons auront lieu, rassemblant les citoyens et les parties prenantes pour \u00e9laborer des solutions r\u00e9alistes et r\u00e9alisables pour la protection de l&rsquo;environnement.<\/p>\t\t\t\t\t\t\t\t<\/div>\n\t\t\t\t<\/div>\n\t\t\t\t<div class=\"elementor-element elementor-element-62a1d16 elementor-widget elementor-widget-html\" data-id=\"62a1d16\" data-element_type=\"widget\" data-widget_type=\"html.default\">\n\t\t\t\t<div class=\"elementor-widget-container\">\n\t\t\t\t\t<iframe src=\"https:\/\/drive.google.com\/file\/d\/17SlbNerxjO4kg6qE9nhwAl8USXr9-Ffc\/preview\" width=\"640\" height=\"480\"><span data-mce-type=\"bookmark\" style=\"display: inline-block; width: 0px; overflow: hidden; line-height: 0;\" class=\"mce_SELRES_start\"><\/span><br><\/iframe>\t\t\t\t<\/div>\n\t\t\t\t<\/div>\n\t\t\t\t<div class=\"elementor-element elementor-element-89fe686 elementor-widget elementor-widget-text-editor\" data-id=\"89fe686\" data-element_type=\"widget\" data-widget_type=\"text-editor.default\">\n\t\t\t\t<div class=\"elementor-widget-container\">\n\t\t\t\t\t\t\t\t\t<p>Chez Connect Brussels, nous soutenons activement les initiatives qui promeuvent le d\u00e9veloppement durable et la participation active des citoyens. Gr\u00e2ce aux ECO CHAMPIONS, nous unissons nos forces pour un monde plus vert et plus durable !<\/p>\t\t\t\t\t\t\t\t<\/div>\n\t\t\t\t<\/div>\n\t\t\t\t<div class=\"elementor-element elementor-element-beacfd1 elementor-widget elementor-widget-image\" data-id=\"beacfd1\" data-element_type=\"widget\" data-widget_type=\"image.default\">\n\t\t\t\t<div class=\"elementor-widget-container\">\n\t\t\t\t\t\t\t\t\t\t\t\t\t\t\t<img decoding=\"async\" width=\"554\" height=\"70\" src=\"https:\/\/connectbrussels.eu\/wp-content\/uploads\/2025\/03\/LOGO-BAR.png\" class=\"attachment-large size-large wp-image-1883\" alt=\"\" srcset=\"https:\/\/connectbrussels.eu\/wp-content\/uploads\/2025\/03\/LOGO-BAR.png 554w, https:\/\/connectbrussels.eu\/wp-content\/uploads\/2025\/03\/LOGO-BAR-300x38.png 300w\" sizes=\"(max-width: 554px) 100vw, 554px\" \/>\t\t\t\t\t\t\t\t\t\t\t\t\t\t\t<\/div>\n\t\t\t\t<\/div>\n\t\t<div class=\"elementor-element elementor-element-50ed4d9 e-con-full e-flex e-con e-child\" data-id=\"50ed4d9\" data-element_type=\"container\">\n\t\t<div class=\"elementor-element elementor-element-96de344 e-con-full e-flex e-con e-child\" data-id=\"96de344\" data-element_type=\"container\">\n\t\t\t\t<div class=\"elementor-element elementor-element-71dfbb1 elementor-widget elementor-widget-gallery\" data-id=\"71dfbb1\" data-element_type=\"widget\" data-settings=\"{&quot;columns&quot;:2,&quot;aspect_ratio&quot;:&quot;1:1&quot;,&quot;lazyload&quot;:&quot;yes&quot;,&quot;gallery_layout&quot;:&quot;grid&quot;,&quot;columns_tablet&quot;:2,&quot;columns_mobile&quot;:1,&quot;gap&quot;:{&quot;unit&quot;:&quot;px&quot;,&quot;size&quot;:10,&quot;sizes&quot;:[]},&quot;gap_tablet&quot;:{&quot;unit&quot;:&quot;px&quot;,&quot;size&quot;:10,&quot;sizes&quot;:[]},&quot;gap_mobile&quot;:{&quot;unit&quot;:&quot;px&quot;,&quot;size&quot;:10,&quot;sizes&quot;:[]},&quot;link_to&quot;:&quot;file&quot;,&quot;overlay_background&quot;:&quot;yes&quot;,&quot;content_hover_animation&quot;:&quot;fade-in&quot;}\" data-widget_type=\"gallery.default\">\n\t\t\t\t<div class=\"elementor-widget-container\">\n\t\t\t\t\t\t\t<div class=\"elementor-gallery__container\">\n\t\t\t\t\t\t\t<a class=\"e-gallery-item elementor-gallery-item elementor-animated-content\" href=\"https:\/\/connectbrussels.eu\/wp-content\/uploads\/2025\/03\/EN_co_fundedvertical_RGB_POS.png\" data-elementor-open-lightbox=\"yes\" data-elementor-lightbox-slideshow=\"71dfbb1\" data-elementor-lightbox-title=\"EN_co_fundedvertical_RGB_POS\" data-e-action-hash=\"#elementor-action%3Aaction%3Dlightbox%26settings%3DeyJpZCI6MTg4MSwidXJsIjoiaHR0cHM6XC9cL2Nvbm5lY3RicnVzc2Vscy5ldVwvd3AtY29udGVudFwvdXBsb2Fkc1wvMjAyNVwvMDNcL0VOX2NvX2Z1bmRlZHZlcnRpY2FsX1JHQl9QT1MucG5nIiwic2xpZGVzaG93IjoiNzFkZmJiMSJ9\">\n\t\t\t\t\t<div class=\"e-gallery-image elementor-gallery-item__image\" data-thumbnail=\"https:\/\/connectbrussels.eu\/wp-content\/uploads\/2025\/03\/EN_co_fundedvertical_RGB_POS-285x300.png\" data-width=\"285\" data-height=\"300\" aria-label=\"\" role=\"img\" ><\/div>\n\t\t\t\t\t\t\t\t\t\t\t<div class=\"elementor-gallery-item__overlay\"><\/div>\n\t\t\t\t\t\t\t\t\t\t\t\t\t\t<\/a>\n\t\t\t\t\t\t\t<a class=\"e-gallery-item elementor-gallery-item elementor-animated-content\" href=\"https:\/\/connectbrussels.eu\/wp-content\/uploads\/2025\/03\/Eco-Champions.png\" data-elementor-open-lightbox=\"yes\" data-elementor-lightbox-slideshow=\"71dfbb1\" data-elementor-lightbox-title=\"Eco Champions\" data-e-action-hash=\"#elementor-action%3Aaction%3Dlightbox%26settings%3DeyJpZCI6MTg4NSwidXJsIjoiaHR0cHM6XC9cL2Nvbm5lY3RicnVzc2Vscy5ldVwvd3AtY29udGVudFwvdXBsb2Fkc1wvMjAyNVwvMDNcL0Vjby1DaGFtcGlvbnMucG5nIiwic2xpZGVzaG93IjoiNzFkZmJiMSJ9\">\n\t\t\t\t\t<div class=\"e-gallery-image elementor-gallery-item__image\" data-thumbnail=\"https:\/\/connectbrussels.eu\/wp-content\/uploads\/2025\/03\/Eco-Champions-300x297.png\" data-width=\"300\" data-height=\"297\" aria-label=\"\" role=\"img\" ><\/div>\n\t\t\t\t\t\t\t\t\t\t\t<div class=\"elementor-gallery-item__overlay\"><\/div>\n\t\t\t\t\t\t\t\t\t\t\t\t\t\t<\/a>\n\t\t\t\t\t<\/div>\n\t\t\t\t\t<\/div>\n\t\t\t\t<\/div>\n\t\t\t\t<\/div>\n\t\t\t\t<\/div>\n\t\t\t\t\t<\/div>\n\t\t\t\t<\/div>\n\t\t\t\t<\/div>\n\t\t","protected":false},"excerpt":{"rendered":"<p>Les 9 et 10 d\u00e9cembre 2024, la r\u00e9union de lancement du projet ECO CHAMPIONS (Code de projet : 101147501) a eu lieu \u00e0 Pristina, au Kosovo, r\u00e9unissant des partenaires de 5 pays europ\u00e9ens : Belgique, Gr\u00e8ce, Italie, Espagne et Kosovo. Financ\u00e9 par le programme CERV de l&rsquo;UE, le projet vise \u00e0 renforcer la participation active [&hellip;]<\/p>\n","protected":false},"author":2,"featured_media":1874,"comment_status":"open","ping_status":"open","sticky":false,"template":"","format":"standard","meta":{"_acf_changed":false,"footnotes":""},"categories":[34],"tags":[],"class_list":["post-3741","post","type-post","status-publish","format-standard","has-post-thumbnail","hentry","category-projets-internationaux"],"blocksy_meta":[],"acf":[],"_links":{"self":[{"href":"https:\/\/connectbrussels.eu\/fr\/wp-json\/wp\/v2\/posts\/3741","targetHints":{"allow":["GET"]}}],"collection":[{"href":"https:\/\/connectbrussels.eu\/fr\/wp-json\/wp\/v2\/posts"}],"about":[{"href":"https:\/\/connectbrussels.eu\/fr\/wp-json\/wp\/v2\/types\/post"}],"author":[{"embeddable":true,"href":"https:\/\/connectbrussels.eu\/fr\/wp-json\/wp\/v2\/users\/2"}],"replies":[{"embeddable":true,"href":"https:\/\/connectbrussels.eu\/fr\/wp-json\/wp\/v2\/comments?post=3741"}],"version-history":[{"count":1,"href":"https:\/\/connectbrussels.eu\/fr\/wp-json\/wp\/v2\/posts\/3741\/revisions"}],"predecessor-version":[{"id":3742,"href":"https:\/\/connectbrussels.eu\/fr\/wp-json\/wp\/v2\/posts\/3741\/revisions\/3742"}],"wp:featuredmedia":[{"embeddable":true,"href":"https:\/\/connectbrussels.eu\/fr\/wp-json\/wp\/v2\/media\/1874"}],"wp:attachment":[{"href":"https:\/\/connectbrussels.eu\/fr\/wp-json\/wp\/v2\/media?parent=3741"}],"wp:term":[{"taxonomy":"category","embeddable":true,"href":"https:\/\/connectbrussels.eu\/fr\/wp-json\/wp\/v2\/categories?post=3741"},{"taxonomy":"post_tag","embeddable":true,"href":"https:\/\/connectbrussels.eu\/fr\/wp-json\/wp\/v2\/tags?post=3741"}],"curies":[{"name":"wp","href":"https:\/\/api.w.org\/{rel}","templated":true}]}}