{"id":3740,"date":"2024-11-11T07:53:51","date_gmt":"2024-11-11T07:53:51","guid":{"rendered":"https:\/\/connectbrussels.eu\/bienvenue-dans-notre-centre-de-jeunesse-a-jette-11-11-2024\/"},"modified":"2024-11-11T07:53:51","modified_gmt":"2024-11-11T07:53:51","slug":"bienvenue-dans-notre-centre-de-jeunesse-a-jette-11-11-2024","status":"publish","type":"post","link":"https:\/\/connectbrussels.eu\/fr\/bienvenue-dans-notre-centre-de-jeunesse-a-jette-11-11-2024\/","title":{"rendered":"Bienvenue dans notre centre de jeunesse \u00e0 Jette ! &#8211; 11\/11\/2024"},"content":{"rendered":"<p>Des nouvelles passionnantes ! Notre centre de jeunesse est officiellement ouvert \u00e0 l&rsquo;avenue Charles Woeste 180, \u00e0 Jette, et nous sommes ravis de vous inviter \u00e0 faire ce voyage incroyable avec nous. Notre objectif ? Offrir aux jeunes un espace o\u00f9 ils peuvent s&rsquo;exprimer, s&rsquo;amuser et d\u00e9velopper leurs talents tout en cr\u00e9ant des liens avec d&rsquo;autres.<span style=\"color: #ffffff;\">.<\/span>.   <\/p>\n<p><strong>Nous proposons une vari\u00e9t\u00e9 d&rsquo;activit\u00e9s, \u00e0 l&rsquo;int\u00e9rieur et \u00e0 l&rsquo;ext\u00e9rieur, pour tous les go\u00fbts :<\/strong><\/p>\n<p>\ud83c\udfaf Des jeux, des moments de convivialit\u00e9 et de riches \u00e9changes.<\/p>\n<p>\ud83c\udf33 Des activit\u00e9s int\u00e9rieures et ext\u00e9rieures pour s&rsquo;amuser tout en d\u00e9couvrant de nouveaux horizons.<\/p>\n<p>\ud83e\udde9 Des projets et des ateliers qui encouragent la cr\u00e9ativit\u00e9 et la coop\u00e9ration<span style=\"color: #ffffff;\">.<\/span><\/p>\n<p>Que vous souhaitiez participer \u00e0 des activit\u00e9s, pr\u00e9senter des id\u00e9es ou simplement explorer l&rsquo;espace, nos portes sont ouvertes ! Nous accueillons les jeunes, les familles et toute personne d\u00e9sireuse de participer \u00e0 quelque chose d&rsquo;inspirant.<span style=\"color: #ffffff;\">.<\/span>. <\/p>\n<p>\ud83d\udc49 Passez nous voir, dites-nous bonjour et construisons un espace o\u00f9 les r\u00eaves, les id\u00e9es et les cultures se rencontrent. Nous sommes impatients de vous rencontrer ! <\/p>\n","protected":false},"excerpt":{"rendered":"<p>Des nouvelles passionnantes ! Notre centre de jeunesse est officiellement ouvert \u00e0 l&rsquo;avenue Charles Woeste 180, \u00e0 Jette, et nous sommes ravis de vous inviter \u00e0 faire ce voyage incroyable avec nous. Notre objectif ? Offrir aux jeunes un espace o\u00f9 ils peuvent s&rsquo;exprimer, s&rsquo;amuser et d\u00e9velopper leurs talents tout en cr\u00e9ant des liens avec [&hellip;]<\/p>\n","protected":false},"author":2,"featured_media":1958,"comment_status":"open","ping_status":"open","sticky":false,"template":"","format":"standard","meta":{"_acf_changed":false,"footnotes":""},"categories":[33],"tags":[],"class_list":["post-3740","post","type-post","status-publish","format-standard","has-post-thumbnail","hentry","category-autonomisation-des-jeunes"],"blocksy_meta":[],"acf":[],"_links":{"self":[{"href":"https:\/\/connectbrussels.eu\/fr\/wp-json\/wp\/v2\/posts\/3740","targetHints":{"allow":["GET"]}}],"collection":[{"href":"https:\/\/connectbrussels.eu\/fr\/wp-json\/wp\/v2\/posts"}],"about":[{"href":"https:\/\/connectbrussels.eu\/fr\/wp-json\/wp\/v2\/types\/post"}],"author":[{"embeddable":true,"href":"https:\/\/connectbrussels.eu\/fr\/wp-json\/wp\/v2\/users\/2"}],"replies":[{"embeddable":true,"href":"https:\/\/connectbrussels.eu\/fr\/wp-json\/wp\/v2\/comments?post=3740"}],"version-history":[{"count":0,"href":"https:\/\/connectbrussels.eu\/fr\/wp-json\/wp\/v2\/posts\/3740\/revisions"}],"wp:featuredmedia":[{"embeddable":true,"href":"https:\/\/connectbrussels.eu\/fr\/wp-json\/wp\/v2\/media\/1958"}],"wp:attachment":[{"href":"https:\/\/connectbrussels.eu\/fr\/wp-json\/wp\/v2\/media?parent=3740"}],"wp:term":[{"taxonomy":"category","embeddable":true,"href":"https:\/\/connectbrussels.eu\/fr\/wp-json\/wp\/v2\/categories?post=3740"},{"taxonomy":"post_tag","embeddable":true,"href":"https:\/\/connectbrussels.eu\/fr\/wp-json\/wp\/v2\/tags?post=3740"}],"curies":[{"name":"wp","href":"https:\/\/api.w.org\/{rel}","templated":true}]}}