{"id":3738,"date":"2022-01-14T16:04:09","date_gmt":"2022-01-14T16:04:09","guid":{"rendered":"https:\/\/connectbrussels.eu\/festival-connected-we-stand-a-lulb-20-septembre-2019\/"},"modified":"2025-05-03T13:01:22","modified_gmt":"2025-05-03T13:01:22","slug":"festival-connected-we-stand-a-lulb-20-septembre-2019","status":"publish","type":"post","link":"https:\/\/connectbrussels.eu\/fr\/festival-connected-we-stand-a-lulb-20-septembre-2019\/","title":{"rendered":"Festival Connected We Stand \u00e0 l&rsquo;ULB &#8211; 20 septembre 2019"},"content":{"rendered":"&#13;\n<p><span style=\"font-weight: 400;\">Le Festival international Connected We Stand s&rsquo;est d\u00e9roul\u00e9 \u00e0 l&rsquo;Universit\u00e9 libre de Bruxelles (ULB). Avec 60 b\u00e9n\u00e9voles et invit\u00e9s, le recteur de l&rsquo;ULB, Yvon Englert, le maire d&rsquo;Ixelles, Christos Doulkeridis, et le d\u00e9put\u00e9 europ\u00e9en Stelios Kympouropoulos ont envoy\u00e9 un message fort \u00e0 l&rsquo;occasion de la journ\u00e9e internationale de la paix. Certaines parties du programme ont \u00e9t\u00e9 diffus\u00e9es en direct en Gr\u00e8ce, o\u00f9 la journ\u00e9e internationale de la paix \u00e9tait c\u00e9l\u00e9br\u00e9e en parall\u00e8le par Connect You City Athens et l&rsquo;ONG IASIS. Un message fort en faveur de la paix a \u00e9galement \u00e9t\u00e9 transmis lors de la conf\u00e9rence par les organisations Denis Mukwege Foundation, Amnesty International Francophone, Justice et Paix, l&rsquo;Association BON pour l&rsquo;int\u00e9gration, ULB Cooperation, l&rsquo;ONG RANA et la Plateforme de soutien citoyen aux r\u00e9fugi\u00e9s. Un concert suivi du groupe Joyful Meeting et des DJ Nacho, Solid Smoke et Sheriff.<\/span><\/p>&#13;\n","protected":false},"excerpt":{"rendered":"<p>&#13; Le Festival international Connected We Stand s&rsquo;est d\u00e9roul\u00e9 \u00e0 l&rsquo;Universit\u00e9 libre de Bruxelles (ULB). Avec 60 b\u00e9n\u00e9voles et invit\u00e9s, le recteur de l&rsquo;ULB, Yvon Englert, le maire d&rsquo;Ixelles, Christos Doulkeridis, et le d\u00e9put\u00e9 europ\u00e9en Stelios Kympouropoulos ont envoy\u00e9 un message fort \u00e0 l&rsquo;occasion de la journ\u00e9e internationale de la paix. Certaines parties du programme [&hellip;]<\/p>\n","protected":false},"author":2,"featured_media":1792,"comment_status":"open","ping_status":"open","sticky":false,"template":"","format":"standard","meta":{"_acf_changed":false,"footnotes":""},"categories":[35],"tags":[],"class_list":["post-3738","post","type-post","status-publish","format-standard","has-post-thumbnail","hentry","category-evenements-et-festivals"],"blocksy_meta":{"styles_descriptor":{"styles":{"desktop":"","tablet":"","mobile":""},"google_fonts":[],"version":6}},"acf":[],"_links":{"self":[{"href":"https:\/\/connectbrussels.eu\/fr\/wp-json\/wp\/v2\/posts\/3738","targetHints":{"allow":["GET"]}}],"collection":[{"href":"https:\/\/connectbrussels.eu\/fr\/wp-json\/wp\/v2\/posts"}],"about":[{"href":"https:\/\/connectbrussels.eu\/fr\/wp-json\/wp\/v2\/types\/post"}],"author":[{"embeddable":true,"href":"https:\/\/connectbrussels.eu\/fr\/wp-json\/wp\/v2\/users\/2"}],"replies":[{"embeddable":true,"href":"https:\/\/connectbrussels.eu\/fr\/wp-json\/wp\/v2\/comments?post=3738"}],"version-history":[{"count":1,"href":"https:\/\/connectbrussels.eu\/fr\/wp-json\/wp\/v2\/posts\/3738\/revisions"}],"predecessor-version":[{"id":3739,"href":"https:\/\/connectbrussels.eu\/fr\/wp-json\/wp\/v2\/posts\/3738\/revisions\/3739"}],"wp:featuredmedia":[{"embeddable":true,"href":"https:\/\/connectbrussels.eu\/fr\/wp-json\/wp\/v2\/media\/1792"}],"wp:attachment":[{"href":"https:\/\/connectbrussels.eu\/fr\/wp-json\/wp\/v2\/media?parent=3738"}],"wp:term":[{"taxonomy":"category","embeddable":true,"href":"https:\/\/connectbrussels.eu\/fr\/wp-json\/wp\/v2\/categories?post=3738"},{"taxonomy":"post_tag","embeddable":true,"href":"https:\/\/connectbrussels.eu\/fr\/wp-json\/wp\/v2\/tags?post=3738"}],"curies":[{"name":"wp","href":"https:\/\/api.w.org\/{rel}","templated":true}]}}