{"id":3736,"date":"2022-01-14T16:03:13","date_gmt":"2022-01-14T16:03:13","guid":{"rendered":"https:\/\/connectbrussels.eu\/evenement-de-reseautage-chez-spaces-4-juillet-2019\/"},"modified":"2025-05-03T13:01:00","modified_gmt":"2025-05-03T13:01:00","slug":"evenement-de-reseautage-chez-spaces-4-juillet-2019","status":"publish","type":"post","link":"https:\/\/connectbrussels.eu\/fr\/evenement-de-reseautage-chez-spaces-4-juillet-2019\/","title":{"rendered":"\u00c9v\u00e9nement de r\u00e9seautage chez Spaces &#8211; 4 juillet 2019"},"content":{"rendered":"&#13;\n<p><span style=\"font-weight: 400;\">\u00c9v\u00e9nement de r\u00e9seautage pour les ONG internationales au Quartier europ\u00e9en. Plus de 100 partenaires, amis et artistes ont particip\u00e9 \u00e0 un \u00e9v\u00e9nement qui visait \u00e0 cr\u00e9er des synergies et \u00e0 g\u00e9n\u00e9rer de nouvelles id\u00e9es et collaborations. Les participants ont eu l&rsquo;occasion de profiter de performances en direct de jeunes jongleurs et artistes.<\/span><\/p>&#13;\n","protected":false},"excerpt":{"rendered":"<p>&#13; \u00c9v\u00e9nement de r\u00e9seautage pour les ONG internationales au Quartier europ\u00e9en. Plus de 100 partenaires, amis et artistes ont particip\u00e9 \u00e0 un \u00e9v\u00e9nement qui visait \u00e0 cr\u00e9er des synergies et \u00e0 g\u00e9n\u00e9rer de nouvelles id\u00e9es et collaborations. Les participants ont eu l&rsquo;occasion de profiter de performances en direct de jeunes jongleurs et artistes. &#13;<\/p>\n","protected":false},"author":2,"featured_media":1802,"comment_status":"open","ping_status":"open","sticky":false,"template":"","format":"standard","meta":{"_acf_changed":false,"footnotes":""},"categories":[35],"tags":[],"class_list":["post-3736","post","type-post","status-publish","format-standard","has-post-thumbnail","hentry","category-evenements-et-festivals"],"blocksy_meta":{"styles_descriptor":{"styles":{"desktop":"","tablet":"","mobile":""},"google_fonts":[],"version":6}},"acf":[],"_links":{"self":[{"href":"https:\/\/connectbrussels.eu\/fr\/wp-json\/wp\/v2\/posts\/3736","targetHints":{"allow":["GET"]}}],"collection":[{"href":"https:\/\/connectbrussels.eu\/fr\/wp-json\/wp\/v2\/posts"}],"about":[{"href":"https:\/\/connectbrussels.eu\/fr\/wp-json\/wp\/v2\/types\/post"}],"author":[{"embeddable":true,"href":"https:\/\/connectbrussels.eu\/fr\/wp-json\/wp\/v2\/users\/2"}],"replies":[{"embeddable":true,"href":"https:\/\/connectbrussels.eu\/fr\/wp-json\/wp\/v2\/comments?post=3736"}],"version-history":[{"count":1,"href":"https:\/\/connectbrussels.eu\/fr\/wp-json\/wp\/v2\/posts\/3736\/revisions"}],"predecessor-version":[{"id":3737,"href":"https:\/\/connectbrussels.eu\/fr\/wp-json\/wp\/v2\/posts\/3736\/revisions\/3737"}],"wp:featuredmedia":[{"embeddable":true,"href":"https:\/\/connectbrussels.eu\/fr\/wp-json\/wp\/v2\/media\/1802"}],"wp:attachment":[{"href":"https:\/\/connectbrussels.eu\/fr\/wp-json\/wp\/v2\/media?parent=3736"}],"wp:term":[{"taxonomy":"category","embeddable":true,"href":"https:\/\/connectbrussels.eu\/fr\/wp-json\/wp\/v2\/categories?post=3736"},{"taxonomy":"post_tag","embeddable":true,"href":"https:\/\/connectbrussels.eu\/fr\/wp-json\/wp\/v2\/tags?post=3736"}],"curies":[{"name":"wp","href":"https:\/\/api.w.org\/{rel}","templated":true}]}}