{"id":3734,"date":"2022-01-14T15:57:18","date_gmt":"2022-01-14T15:57:18","guid":{"rendered":"https:\/\/connectbrussels.eu\/evenement-douverture-chez-capital-28-mai-2019\/"},"modified":"2025-05-03T13:00:35","modified_gmt":"2025-05-03T13:00:35","slug":"evenement-douverture-chez-capital-28-mai-2019","status":"publish","type":"post","link":"https:\/\/connectbrussels.eu\/fr\/evenement-douverture-chez-capital-28-mai-2019\/","title":{"rendered":"\u00c9v\u00e9nement d&rsquo;ouverture chez Capital &#8211; 28 mai 2019"},"content":{"rendered":"&#13;\n<p><span style=\"font-weight: 400;\">Le lancement de Connect Brussels a eu lieu au Quartier europ\u00e9en o\u00f9 les jeunes artistes Supernova et Solid Smoke ont donn\u00e9 un concert devant plus de 100 invit\u00e9s et supporters de Connect Brussels. Nos invit\u00e9s ont eu l&rsquo;occasion de r\u00e9seauter, de profiter de bonne musique et d&rsquo;\u00eatre inform\u00e9s de nos futures activit\u00e9s ainsi que de nos nouveaux bureaux \u00e0 Spaces, rue Belliard. <\/span><\/p>&#13;\n","protected":false},"excerpt":{"rendered":"<p>&#13; Le lancement de Connect Brussels a eu lieu au Quartier europ\u00e9en o\u00f9 les jeunes artistes Supernova et Solid Smoke ont donn\u00e9 un concert devant plus de 100 invit\u00e9s et supporters de Connect Brussels. Nos invit\u00e9s ont eu l&rsquo;occasion de r\u00e9seauter, de profiter de bonne musique et d&rsquo;\u00eatre inform\u00e9s de nos futures activit\u00e9s ainsi que [&hellip;]<\/p>\n","protected":false},"author":2,"featured_media":1801,"comment_status":"open","ping_status":"open","sticky":false,"template":"","format":"standard","meta":{"_acf_changed":false,"footnotes":""},"categories":[35],"tags":[],"class_list":["post-3734","post","type-post","status-publish","format-standard","has-post-thumbnail","hentry","category-evenements-et-festivals"],"blocksy_meta":{"styles_descriptor":{"styles":{"desktop":"","tablet":"","mobile":""},"google_fonts":[],"version":6}},"acf":[],"_links":{"self":[{"href":"https:\/\/connectbrussels.eu\/fr\/wp-json\/wp\/v2\/posts\/3734","targetHints":{"allow":["GET"]}}],"collection":[{"href":"https:\/\/connectbrussels.eu\/fr\/wp-json\/wp\/v2\/posts"}],"about":[{"href":"https:\/\/connectbrussels.eu\/fr\/wp-json\/wp\/v2\/types\/post"}],"author":[{"embeddable":true,"href":"https:\/\/connectbrussels.eu\/fr\/wp-json\/wp\/v2\/users\/2"}],"replies":[{"embeddable":true,"href":"https:\/\/connectbrussels.eu\/fr\/wp-json\/wp\/v2\/comments?post=3734"}],"version-history":[{"count":1,"href":"https:\/\/connectbrussels.eu\/fr\/wp-json\/wp\/v2\/posts\/3734\/revisions"}],"predecessor-version":[{"id":3735,"href":"https:\/\/connectbrussels.eu\/fr\/wp-json\/wp\/v2\/posts\/3734\/revisions\/3735"}],"wp:featuredmedia":[{"embeddable":true,"href":"https:\/\/connectbrussels.eu\/fr\/wp-json\/wp\/v2\/media\/1801"}],"wp:attachment":[{"href":"https:\/\/connectbrussels.eu\/fr\/wp-json\/wp\/v2\/media?parent=3734"}],"wp:term":[{"taxonomy":"category","embeddable":true,"href":"https:\/\/connectbrussels.eu\/fr\/wp-json\/wp\/v2\/categories?post=3734"},{"taxonomy":"post_tag","embeddable":true,"href":"https:\/\/connectbrussels.eu\/fr\/wp-json\/wp\/v2\/tags?post=3734"}],"curies":[{"name":"wp","href":"https:\/\/api.w.org\/{rel}","templated":true}]}}