{"id":3732,"date":"2022-01-14T15:56:37","date_gmt":"2022-01-14T15:56:37","guid":{"rendered":"https:\/\/connectbrussels.eu\/interview-a-radio-panik-27-mai-2019\/"},"modified":"2025-05-03T13:00:03","modified_gmt":"2025-05-03T13:00:03","slug":"interview-a-radio-panik-27-mai-2019","status":"publish","type":"post","link":"https:\/\/connectbrussels.eu\/fr\/interview-a-radio-panik-27-mai-2019\/","title":{"rendered":"Interview \u00e0 Radio Panik &#8211; 27 mai 2019"},"content":{"rendered":"&#13;\n<p><span style=\"font-weight: 400;\">Connect Brussels a accord\u00e9 une interview \u00e0 Radio Panik o\u00f9 les prochaines activit\u00e9s et les objectifs futurs de l&rsquo;organisation ont \u00e9t\u00e9 pr\u00e9sent\u00e9s pour la premi\u00e8re fois au public. Le public a eu l&rsquo;occasion d&rsquo;entendre parler de l&rsquo;expansion du premier r\u00e9seau de jeunes complet \u00e0 Bruxelles, qui vise la socialisation, l&rsquo;\u00e9ducation, la pr\u00e9paration et le mentorat des jeunes.<\/span><\/p>&#13;\n","protected":false},"excerpt":{"rendered":"<p>&#13; Connect Brussels a accord\u00e9 une interview \u00e0 Radio Panik o\u00f9 les prochaines activit\u00e9s et les objectifs futurs de l&rsquo;organisation ont \u00e9t\u00e9 pr\u00e9sent\u00e9s pour la premi\u00e8re fois au public. Le public a eu l&rsquo;occasion d&rsquo;entendre parler de l&rsquo;expansion du premier r\u00e9seau de jeunes complet \u00e0 Bruxelles, qui vise la socialisation, l&rsquo;\u00e9ducation, la pr\u00e9paration et le [&hellip;]<\/p>\n","protected":false},"author":2,"featured_media":1794,"comment_status":"open","ping_status":"open","sticky":false,"template":"","format":"standard","meta":{"_acf_changed":false,"footnotes":""},"categories":[35],"tags":[],"class_list":["post-3732","post","type-post","status-publish","format-standard","has-post-thumbnail","hentry","category-evenements-et-festivals"],"blocksy_meta":{"styles_descriptor":{"styles":{"desktop":"","tablet":"","mobile":""},"google_fonts":[],"version":6}},"acf":[],"_links":{"self":[{"href":"https:\/\/connectbrussels.eu\/fr\/wp-json\/wp\/v2\/posts\/3732","targetHints":{"allow":["GET"]}}],"collection":[{"href":"https:\/\/connectbrussels.eu\/fr\/wp-json\/wp\/v2\/posts"}],"about":[{"href":"https:\/\/connectbrussels.eu\/fr\/wp-json\/wp\/v2\/types\/post"}],"author":[{"embeddable":true,"href":"https:\/\/connectbrussels.eu\/fr\/wp-json\/wp\/v2\/users\/2"}],"replies":[{"embeddable":true,"href":"https:\/\/connectbrussels.eu\/fr\/wp-json\/wp\/v2\/comments?post=3732"}],"version-history":[{"count":1,"href":"https:\/\/connectbrussels.eu\/fr\/wp-json\/wp\/v2\/posts\/3732\/revisions"}],"predecessor-version":[{"id":3733,"href":"https:\/\/connectbrussels.eu\/fr\/wp-json\/wp\/v2\/posts\/3732\/revisions\/3733"}],"wp:featuredmedia":[{"embeddable":true,"href":"https:\/\/connectbrussels.eu\/fr\/wp-json\/wp\/v2\/media\/1794"}],"wp:attachment":[{"href":"https:\/\/connectbrussels.eu\/fr\/wp-json\/wp\/v2\/media?parent=3732"}],"wp:term":[{"taxonomy":"category","embeddable":true,"href":"https:\/\/connectbrussels.eu\/fr\/wp-json\/wp\/v2\/categories?post=3732"},{"taxonomy":"post_tag","embeddable":true,"href":"https:\/\/connectbrussels.eu\/fr\/wp-json\/wp\/v2\/tags?post=3732"}],"curies":[{"name":"wp","href":"https:\/\/api.w.org\/{rel}","templated":true}]}}